  {"id":10950,"date":"2025-02-06T13:58:16","date_gmt":"2025-02-06T18:58:16","guid":{"rendered":"https:\/\/thirdwunder.com\/?p=10950"},"modified":"2025-02-06T15:36:56","modified_gmt":"2025-02-06T20:36:56","slug":"organisations-canadiennes-autonomisant-les-communautes-noires","status":"publish","type":"post","link":"https:\/\/thirdwunder.com\/fr\/blog\/organisations-canadiennes-autonomisant-les-communautes-noires\/","title":{"rendered":"Mettre en lumi\u00e8re les organisations qui autonomisent les communaut\u00e9s noires \u00e0 travers le Canada"},"content":{"rendered":"\n<p>Le Mois de l&rsquo;histoire des Noirs est un moment important pour honorer l&rsquo;h\u00e9ritage des personnes noires \u00e0 travers le Canada, tant leurs r\u00e9alisations incroyables que <a href=\"https:\/\/thirdwunder.com\/blog\/black-contribution-to-the-tech-we-use-today\/\" rel=\"noreferrer noopener\" target=\"_blank\">leurs contributions \u00e0 notre soci\u00e9t\u00e9<\/a>, ainsi que pour reconna\u00eetre le racisme et l&rsquo;adversit\u00e9 qu&rsquo;elles ont affront\u00e9s et continuent de subir. C&rsquo;est aussi un moment important pour reconna\u00eetre qu&rsquo;il reste encore du chemin \u00e0 parcourir pour construire une soci\u00e9t\u00e9 v\u00e9ritablement juste et \u00e9quitable pour tous.<\/p>\n\n\n\n<p>C&rsquo;est dans cet esprit que nous souhaitons consacrer ce mois de f\u00e9vrier \u00e0 mettre en lumi\u00e8re les organisations qui travaillent toute l&rsquo;ann\u00e9e pour d\u00e9manteler le racisme syst\u00e9mique et l&rsquo;in\u00e9galit\u00e9 dans nos communaut\u00e9s, \u00e0 travers le pays et au-del\u00e0. Ce sont des organisations dirig\u00e9es par la communaut\u00e9 qui font le travail vital d&rsquo;autonomiser et de donner une voix aux groupes marginalis\u00e9s.<\/p>\n\n\n\n<h2 class=\"wp-block-heading\">Qui nous c\u00e9l\u00e9brons<\/h2>\n\n\n\n<p>Il existe de nombreuses organisations qui travaillent activement \u00e0 combattre le racisme syst\u00e9mique et \u00e0 <a href=\"https:\/\/thirdwunder.com\/blog\/black-people-we-look-up-to-for-inspiration\/\" rel=\"noreferrer noopener\" target=\"_blank\">cr\u00e9er de plus grandes opportunit\u00e9s<\/a> pour les Canadiens noirs\u2014plus que nous n&rsquo;avons d&rsquo;espace pour en parler aujourd&rsquo;hui. Les organisations et initiatives que nous avons choisi de mettre en avant ont eu un impact national dans de nombreux secteurs, y compris la finance, le droit, la sant\u00e9, les arts et la culture, ainsi que la formation professionnelle et le d\u00e9veloppement professionnel. Notre objectif avec cette liste est de donner un large aper\u00e7u du travail accompli \u00e0 travers le Canada.<\/p>\n\n\n            <\/div><div class=\"contained-wrapper uk-preserve-color uk-section uk-background-default uk-section-small\"><div class=\"uk-container uk-container-xsmall uk-container-expand-center\">\n<section id=\"block_1bfb3315d5c418966105f69058548e86\" \n    class=\"block_1bfb3315d5c418966105f69058548e86 tw-section content-section-multimedia uk-preserve-color uk-border-rounded uk-position-relative uk-section uk-section-overlap uk-section-xsmall uk-section-secondary  layout-grid layout-multimedia layout-multimedia-image\"\n    \n        >\n    \n    \n    \n        \n    <!-- Open Wrapper-->\n    <div class=\" uk-panel uk-padding    uk-position-relative\">\n    <!-- Open Wrapper Inner --> <div>\n        \n    <div class=\"uk-grid uk-grid-item-match uk-position-relative  uk-grid-small\" uk-grid uk-height-match><!-- Open Grid -->\n                <div class=\"uk-width-1-1 uk-width-expand@s uk-flex uk-flex-top\" style=\"\">\n            <div  >\n            <header class=\"section-header uk-margin-bottom uk-text-left uk-light \" uk-scrollspy=\"cls: uk-animation-slide-left-small; delay: 300; \" >  \n            <div class=\"uk-h4 uk-margin-small content-section-subtitle\">\n        BOF\n        <\/div>\n    \n            \n        <h2 class=\"uk-h2  uk-margin-remove-top  content-section-title \">\n            Black Opportunity Fund\n        <\/h2>\n            \n    \n\n    <\/header>\n            <\/div>\n        <\/div>\n            \n                <div\n                    class=\"block-image uk-inline uk-width-1-1 uk-width-1-3@m uk-flex uk-flex-first@m uk-flex-top@m \">\n                    <section class=\"uk-width-1-1\">\n<figure id=\"block_1bfb3315d5c418966105f69058548e86\"\n    class=\"section-image uk-height-1-1 uk-margin-remove-bottom uk-flex uk-flex-middle   uk-light             \"\n        \n    >\n\n        <img\n        data-src=\"https:\/\/thirdwunder.com\/wp-content\/uploads\/2025\/02\/2025-02-LOG-BlackOpportunityFund-BOF-light-400x400.png\"\n        data-srcset=\"https:\/\/thirdwunder.com\/wp-content\/uploads\/2025\/02\/2025-02-LOG-BlackOpportunityFund-BOF-light-400x400.png 400w, https:\/\/thirdwunder.com\/wp-content\/uploads\/2025\/02\/2025-02-LOG-BlackOpportunityFund-BOF-light.png 800w, https:\/\/thirdwunder.com\/wp-content\/uploads\/2025\/02\/2025-02-LOG-BlackOpportunityFund-BOF-light.png 1200w, https:\/\/thirdwunder.com\/wp-content\/uploads\/2025\/02\/2025-02-LOG-BlackOpportunityFund-BOF-light.png 1600w, https:\/\/thirdwunder.com\/wp-content\/uploads\/2025\/02\/2025-02-LOG-BlackOpportunityFund-BOF-light.png 2048w\"\n        data-sizes=\"(max-width: 400px) 400px, (max-width: 800px) 800px, (max-width: 1200px ) 1200px, (max-width: 1600px ) 1600px, (max-width: 2048px ) 2048px\"\n        width=\"400\"\n        height=\"400\"\n        alt=\"\"\n        class=\"uk-width-1-1 uk-responsive-width \"\n                    uk-scrollspy=\"cls: uk-animation-fade; repeat: true\"\n            uk-img=\"\"\n                            \/>\n<\/figure>\n<\/section>\n                <\/div>\n            \n        <\/div><!-- Close Grid -->\n        <\/div><!-- Close Inner Wrapper -->\n<\/div><!-- Close Wrapper-->    <\/section>\n<\/div><\/div>    \n\n<div class=\"uk-container uk-container-xsmall\" >\n        \n\n\n<p>En tant qu&rsquo;organisation caritative canadienne enregistr\u00e9e dirig\u00e9e par la communaut\u00e9, le <a href=\"https:\/\/blackopportunityfund.ca\/\" rel=\"noreferrer noopener\" target=\"_blank\">Fonds d&rsquo;opportunit\u00e9 pour les Noirs<\/a> a un double mandat. Premi\u00e8rement, ils r\u00e9pondent au sous-investissement de longue date dans les communaut\u00e9s noires en facilitant l&rsquo;acc\u00e8s au capital pour les entreprises dirig\u00e9es par des Noirs.<\/p>\n\n\n\n<p>Deuxi\u00e8mement, ils travaillent \u00e0 l&rsquo;\u00e9chelle nationale pour renforcer les actions collectives des organisations et des leaders noirs gr\u00e2ce \u00e0 des subventions aux OBNL et aux organismes de bienfaisance dirig\u00e9s par des Noirs qui m\u00e8nent des initiatives ayant un impact sur la qualit\u00e9 de vie des communaut\u00e9s noires au Canada.<\/p>\n\n\n\n<p>Gr\u00e2ce \u00e0 leur mandat, le BOF d\u00e9fie le racisme anti-noir tout en soutenant un Canada noir prosp\u00e8re, sain et florissant.<\/p>\n\n\n\n<div style=\"height:30px\" aria-hidden=\"true\" class=\"wp-block-spacer\"><\/div>\n\n\n            <\/div><div class=\"contained-wrapper uk-preserve-color uk-section uk-background-default uk-section-xsmall\"><div class=\"uk-container uk-container-xsmall uk-container-expand-center\">\n<section id=\"block_0c868c6153de0818e1fec4808c442410\" \n    class=\"block_0c868c6153de0818e1fec4808c442410 tw-section content-section-multimedia uk-preserve-color uk-border-rounded uk-position-relative uk-section uk-section-overlap uk-section-xsmall uk-section-secondary  layout-grid layout-multimedia layout-multimedia-image\"\n    \n        >\n    \n    \n    \n        \n    <!-- Open Wrapper-->\n    <div class=\" uk-panel uk-padding    uk-position-relative\">\n    <!-- Open Wrapper Inner --> <div>\n        \n    <div class=\"uk-grid uk-grid-item-match uk-position-relative  uk-grid-small\" uk-grid uk-height-match><!-- Open Grid -->\n                <div class=\"uk-width-1-1 uk-width-expand@s uk-flex uk-flex-top\" style=\"\">\n            <div  >\n            <header class=\"section-header uk-margin-bottom uk-text-left uk-light \" uk-scrollspy=\"cls: uk-animation-slide-left-small; delay: 300; \" >  \n            <div class=\"uk-h4 uk-margin-small content-section-subtitle\">\n        FFBC\n        <\/div>\n    \n            \n        <h2 class=\"uk-h2  uk-margin-remove-top  content-section-title \">\n            Foundation for Black Communities\n        <\/h2>\n            \n    \n\n    <\/header>\n            <\/div>\n        <\/div>\n            \n                <div\n                    class=\"block-image uk-inline uk-width-1-1 uk-width-1-3@m uk-flex uk-flex-first@m uk-flex-top@m \">\n                    <section class=\"uk-width-1-1\">\n<figure id=\"block_0c868c6153de0818e1fec4808c442410\"\n    class=\"section-image uk-height-1-1 uk-margin-remove-bottom uk-flex uk-flex-middle   uk-light             \"\n        \n    >\n\n        <img\n        data-src=\"https:\/\/thirdwunder.com\/wp-content\/uploads\/2025\/02\/2025-02-LOG-FFBC-light-400x400.png\"\n        data-srcset=\"https:\/\/thirdwunder.com\/wp-content\/uploads\/2025\/02\/2025-02-LOG-FFBC-light-400x400.png 400w, https:\/\/thirdwunder.com\/wp-content\/uploads\/2025\/02\/2025-02-LOG-FFBC-light.png 800w, https:\/\/thirdwunder.com\/wp-content\/uploads\/2025\/02\/2025-02-LOG-FFBC-light.png 1200w, https:\/\/thirdwunder.com\/wp-content\/uploads\/2025\/02\/2025-02-LOG-FFBC-light.png 1600w, https:\/\/thirdwunder.com\/wp-content\/uploads\/2025\/02\/2025-02-LOG-FFBC-light.png 2048w\"\n        data-sizes=\"(max-width: 400px) 400px, (max-width: 800px) 800px, (max-width: 1200px ) 1200px, (max-width: 1600px ) 1600px, (max-width: 2048px ) 2048px\"\n        width=\"400\"\n        height=\"400\"\n        alt=\"\"\n        class=\"uk-width-1-1 uk-responsive-width \"\n                    uk-scrollspy=\"cls: uk-animation-fade; repeat: true\"\n            uk-img=\"\"\n                            \/>\n<\/figure>\n<\/section>\n                <\/div>\n            \n        <\/div><!-- Close Grid -->\n        <\/div><!-- Close Inner Wrapper -->\n<\/div><!-- Close Wrapper-->    <\/section>\n<\/div><\/div>    \n\n<div class=\"uk-container uk-container-xsmall\" >\n        \n\n\n<p><a href=\"https:\/\/forblackcommunities.org\/\" rel=\"noreferrer noopener\" target=\"_blank\">La Fondation pour les communaut\u00e9s noires<\/a> travaille aux c\u00f4t\u00e9s des organisations communautaires, politiques et commerciales canadiennes pour s&rsquo;assurer que les organisations de base et \u00e0 but non lucratif ont acc\u00e8s aux ressources et \u00e0 l&rsquo;infrastructure dont elles ont besoin pour remplir leurs missions.<\/p>\n\n\n\n<p>En investissant dans le changement, la FFBC construit un avenir o\u00f9 les communaut\u00e9s noires au Canada sont habilit\u00e9es \u00e0 fa\u00e7onner leurs propres solutions et autod\u00e9termination.<\/p>\n\n\n\n<div style=\"height:30px\" aria-hidden=\"true\" class=\"wp-block-spacer\"><\/div>\n\n\n            <\/div><div class=\"contained-wrapper uk-preserve-color uk-section uk-background-default uk-section-xsmall\"><div class=\"uk-container uk-container-xsmall uk-container-expand-center\">\n<section id=\"block_053aeefa6304dd4a801e1c47eb6860a4\" \n    class=\"block_053aeefa6304dd4a801e1c47eb6860a4 tw-section content-section-multimedia uk-preserve-color uk-border-rounded uk-position-relative uk-section uk-section-overlap uk-section-xsmall uk-section-secondary  layout-grid layout-multimedia layout-multimedia-image\"\n    \n        >\n    \n    \n    \n        \n    <!-- Open Wrapper-->\n    <div class=\" uk-panel uk-padding    uk-position-relative\">\n    <!-- Open Wrapper Inner --> <div>\n        \n    <div class=\"uk-grid uk-grid-item-match uk-position-relative  uk-grid-small\" uk-grid uk-height-match><!-- Open Grid -->\n                <div class=\"uk-width-1-1 uk-width-expand@s uk-flex uk-flex-top\" style=\"\">\n            <div  >\n            <header class=\"section-header uk-margin-bottom uk-text-left uk-light \" uk-scrollspy=\"cls: uk-animation-slide-left-small; delay: 300; \" >  \n            <div class=\"uk-h4 uk-margin-small content-section-subtitle\">\n        BLAC\n        <\/div>\n    \n            \n        <h2 class=\"uk-h2  uk-margin-remove-top  content-section-title \">\n            Black Legal Action Centre\n        <\/h2>\n            \n    \n\n    <\/header>\n            <\/div>\n        <\/div>\n            \n                <div\n                    class=\"block-image uk-inline uk-width-1-1 uk-width-1-3@m uk-flex uk-flex-first@m uk-flex-top@m \">\n                    <section class=\"uk-width-1-1\">\n<figure id=\"block_053aeefa6304dd4a801e1c47eb6860a4\"\n    class=\"section-image uk-height-1-1 uk-margin-remove-bottom uk-flex uk-flex-middle   uk-light             \"\n        \n    >\n\n        <img\n        data-src=\"https:\/\/thirdwunder.com\/wp-content\/uploads\/2025\/02\/2025-02-LOG-BLAC-light-400x400.png\"\n        data-srcset=\"https:\/\/thirdwunder.com\/wp-content\/uploads\/2025\/02\/2025-02-LOG-BLAC-light-400x400.png 400w, https:\/\/thirdwunder.com\/wp-content\/uploads\/2025\/02\/2025-02-LOG-BLAC-light.png 800w, https:\/\/thirdwunder.com\/wp-content\/uploads\/2025\/02\/2025-02-LOG-BLAC-light.png 1200w, https:\/\/thirdwunder.com\/wp-content\/uploads\/2025\/02\/2025-02-LOG-BLAC-light.png 1600w, https:\/\/thirdwunder.com\/wp-content\/uploads\/2025\/02\/2025-02-LOG-BLAC-light.png 2048w\"\n        data-sizes=\"(max-width: 400px) 400px, (max-width: 800px) 800px, (max-width: 1200px ) 1200px, (max-width: 1600px ) 1600px, (max-width: 2048px ) 2048px\"\n        width=\"400\"\n        height=\"400\"\n        alt=\"\"\n        class=\"uk-width-1-1 uk-responsive-width \"\n                    uk-scrollspy=\"cls: uk-animation-fade; repeat: true\"\n            uk-img=\"\"\n                            \/>\n<\/figure>\n<\/section>\n                <\/div>\n            \n        <\/div><!-- Close Grid -->\n        <\/div><!-- Close Inner Wrapper -->\n<\/div><!-- Close Wrapper-->    <\/section>\n<\/div><\/div>    \n\n<div class=\"uk-container uk-container-xsmall\" >\n        \n\n\n<p><a href=\"https:\/\/www.blacklegalactioncentre.ca\/\" target=\"_blank\" rel=\"noreferrer noopener\">Le Centre d&rsquo;action juridique pour les Noirs (BLAC)<\/a> est une clinique juridique communautaire \u00e0 but non lucratif d\u00e9di\u00e9e \u00e0 combattre le racisme anti-noir individuel et syst\u00e9mique. Ils fournissent des services juridiques gratuits, m\u00e8nent des recherches, d\u00e9veloppent des mat\u00e9riaux d&rsquo;\u00e9ducation juridique publique et s&rsquo;engagent dans des litiges de cas test et des r\u00e9formes l\u00e9gislatives.<\/p>\n\n\n\n<div style=\"height:30px\" aria-hidden=\"true\" class=\"wp-block-spacer\"><\/div>\n\n\n            <\/div><div class=\"contained-wrapper uk-preserve-color uk-section uk-background-default uk-section-xsmall\"><div class=\"uk-container uk-container-xsmall uk-container-expand-center\">\n<section id=\"block_873346614a3dacd1a160ba007b22978e\" \n    class=\"block_873346614a3dacd1a160ba007b22978e tw-section content-section-multimedia uk-preserve-color uk-border-rounded uk-position-relative uk-section uk-section-overlap uk-section-xsmall uk-section-secondary  layout-grid layout-multimedia layout-multimedia-image\"\n    \n        >\n    \n    \n    \n        \n    <!-- Open Wrapper-->\n    <div class=\" uk-panel uk-padding    uk-position-relative\">\n    <!-- Open Wrapper Inner --> <div>\n        \n    <div class=\"uk-grid uk-grid-item-match uk-position-relative  uk-grid-small\" uk-grid uk-height-match><!-- Open Grid -->\n                <div class=\"uk-width-1-1 uk-width-expand@s uk-flex uk-flex-middle\" style=\"\">\n            <div  >\n            <header class=\"section-header uk-margin-bottom uk-text-left uk-light \" uk-scrollspy=\"cls: uk-animation-slide-left-small; delay: 300; \" >  \n    \n            \n        <h2 class=\"uk-h2  uk-margin-remove-top  content-section-title \">\n            Black Health Alliance\n        <\/h2>\n            \n    \n\n    <\/header>\n            <\/div>\n        <\/div>\n            \n                <div\n                    class=\"block-image uk-inline uk-width-1-1 uk-width-1-3@m uk-flex uk-flex-first@m uk-flex-middle@m \">\n                    <section class=\"uk-width-1-1\">\n<figure id=\"block_873346614a3dacd1a160ba007b22978e\"\n    class=\"section-image uk-height-1-1 uk-margin-remove-bottom uk-flex uk-flex-middle   uk-light             \"\n        \n    >\n\n        <img\n        data-src=\"https:\/\/thirdwunder.com\/wp-content\/uploads\/2025\/02\/2025-02-LOG-BlackHealthAlliance-light-400x400.png\"\n        data-srcset=\"https:\/\/thirdwunder.com\/wp-content\/uploads\/2025\/02\/2025-02-LOG-BlackHealthAlliance-light-400x400.png 400w, https:\/\/thirdwunder.com\/wp-content\/uploads\/2025\/02\/2025-02-LOG-BlackHealthAlliance-light.png 800w, https:\/\/thirdwunder.com\/wp-content\/uploads\/2025\/02\/2025-02-LOG-BlackHealthAlliance-light.png 1200w, https:\/\/thirdwunder.com\/wp-content\/uploads\/2025\/02\/2025-02-LOG-BlackHealthAlliance-light.png 1600w, https:\/\/thirdwunder.com\/wp-content\/uploads\/2025\/02\/2025-02-LOG-BlackHealthAlliance-light.png 2048w\"\n        data-sizes=\"(max-width: 400px) 400px, (max-width: 800px) 800px, (max-width: 1200px ) 1200px, (max-width: 1600px ) 1600px, (max-width: 2048px ) 2048px\"\n        width=\"400\"\n        height=\"400\"\n        alt=\"\"\n        class=\"uk-width-1-1 uk-responsive-width \"\n                    uk-scrollspy=\"cls: uk-animation-fade; repeat: true\"\n            uk-img=\"\"\n                            \/>\n<\/figure>\n<\/section>\n                <\/div>\n            \n        <\/div><!-- Close Grid -->\n        <\/div><!-- Close Inner Wrapper -->\n<\/div><!-- Close Wrapper-->    <\/section>\n<\/div><\/div>    \n\n<div class=\"uk-container uk-container-xsmall\" >\n        \n\n\n<p><a href=\"https:\/\/blackhealthalliance.ca\/\" rel=\"noreferrer noopener\" target=\"_blank\">L&rsquo;Alliance pour la sant\u00e9 des Noirs<\/a> a \u00e9t\u00e9 cr\u00e9\u00e9e pour relever les d\u00e9fis et les obstacles qui affectent la sant\u00e9 et le bien-\u00eatre des Canadiens noirs. Ils travaillent \u00e0 mobiliser les outils, les comp\u00e9tences, les partenariats et les investissements n\u00e9cessaires pour co-concevoir et mettre en \u0153uvre des solutions qui am\u00e9liorent les r\u00e9sultats de sant\u00e9 \u00e0 travers le Canada.<\/p>\n\n\n\n<p>Leur objectif ultime est un changement \u00e0 l&rsquo;\u00e9chelle du syst\u00e8me, qui repose sur une base de donn\u00e9es solides et une vision partag\u00e9e.<\/p>\n\n\n\n<div style=\"height:30px\" aria-hidden=\"true\" class=\"wp-block-spacer\"><\/div>\n\n\n            <\/div><div class=\"contained-wrapper uk-preserve-color uk-section uk-background-default uk-section-xsmall\"><div class=\"uk-container uk-container-xsmall uk-container-expand-center\">\n<section id=\"block_070712ac482a0d94ef419e4bd3849f6b\" \n    class=\"block_070712ac482a0d94ef419e4bd3849f6b tw-section content-section-multimedia uk-preserve-color uk-border-rounded uk-position-relative uk-section uk-section-overlap uk-section-xsmall uk-section-secondary  layout-grid layout-multimedia layout-multimedia-image\"\n    \n        >\n    \n    \n    \n        \n    <!-- Open Wrapper-->\n    <div class=\" uk-panel uk-padding    uk-position-relative\">\n    <!-- Open Wrapper Inner --> <div>\n        \n    <div class=\"uk-grid uk-grid-item-match uk-position-relative  uk-grid-small\" uk-grid uk-height-match><!-- Open Grid -->\n                <div class=\"uk-width-1-1 uk-width-expand@s uk-flex uk-flex-middle\" style=\"\">\n            <div  >\n            <header class=\"section-header uk-margin-bottom uk-text-left uk-light \" uk-scrollspy=\"cls: uk-animation-slide-left-small; delay: 300; \" >  \n    \n            \n        <h2 class=\"uk-h2  uk-margin-remove-top  content-section-title \">\n            Nia Centre for the Arts \n        <\/h2>\n            \n    \n\n    <\/header>\n            <\/div>\n        <\/div>\n            \n                <div\n                    class=\"block-image uk-inline uk-width-1-1 uk-width-1-3@m uk-flex uk-flex-first@m uk-flex-middle@m \">\n                    <section class=\"uk-width-1-1\">\n<figure id=\"block_070712ac482a0d94ef419e4bd3849f6b\"\n    class=\"section-image uk-height-1-1 uk-margin-remove-bottom uk-flex uk-flex-middle   uk-light             \"\n        \n    >\n\n        <img\n        data-src=\"https:\/\/thirdwunder.com\/wp-content\/uploads\/2025\/02\/2025-02-LOG-NiaCentreForTheArts-light-400x400.png\"\n        data-srcset=\"https:\/\/thirdwunder.com\/wp-content\/uploads\/2025\/02\/2025-02-LOG-NiaCentreForTheArts-light-400x400.png 400w, https:\/\/thirdwunder.com\/wp-content\/uploads\/2025\/02\/2025-02-LOG-NiaCentreForTheArts-light.png 800w, https:\/\/thirdwunder.com\/wp-content\/uploads\/2025\/02\/2025-02-LOG-NiaCentreForTheArts-light.png 1200w, https:\/\/thirdwunder.com\/wp-content\/uploads\/2025\/02\/2025-02-LOG-NiaCentreForTheArts-light.png 1600w, https:\/\/thirdwunder.com\/wp-content\/uploads\/2025\/02\/2025-02-LOG-NiaCentreForTheArts-light.png 2048w\"\n        data-sizes=\"(max-width: 400px) 400px, (max-width: 800px) 800px, (max-width: 1200px ) 1200px, (max-width: 1600px ) 1600px, (max-width: 2048px ) 2048px\"\n        width=\"400\"\n        height=\"400\"\n        alt=\"\"\n        class=\"uk-width-1-1 uk-responsive-width \"\n                    uk-scrollspy=\"cls: uk-animation-fade; repeat: true\"\n            uk-img=\"\"\n                            \/>\n<\/figure>\n<\/section>\n                <\/div>\n            \n        <\/div><!-- Close Grid -->\n        <\/div><!-- Close Inner Wrapper -->\n<\/div><!-- Close Wrapper-->    <\/section>\n<\/div><\/div>    \n\n<div class=\"uk-container uk-container-xsmall\" >\n        \n\n\n<p>Les arts et la culture ont toujours jou\u00e9 un grand r\u00f4le dans le discours social sain en promouvant et en explorant des points de vue divers. <a href=\"https:\/\/niacentre.org\/\" rel=\"noreferrer noopener\" target=\"_blank\">Le Centre Nia pour les arts<\/a> est une organisation caritative travaillant \u00e0 faire progresser l&rsquo;expression artistique noire en pr\u00e9sentant des \u0153uvres d&rsquo;art de toute la diaspora afro.<\/p>\n\n\n\n<p>Ils ont connect\u00e9 des milliers de jeunes et d&rsquo;artistes \u00e9mergents avec des mentors et des opportunit\u00e9s pour d\u00e9velopper des comp\u00e9tences transf\u00e9rables, ainsi que des opportunit\u00e9s d&#8217;emploi.<\/p>\n\n\n\n<div style=\"height:30px\" aria-hidden=\"true\" class=\"wp-block-spacer\"><\/div>\n\n\n            <\/div><div class=\"contained-wrapper uk-preserve-color uk-section uk-background-default uk-section-xsmall\"><div class=\"uk-container uk-container-xsmall uk-container-expand-center\">\n<section id=\"block_0ba5af32891d38147e253e1d4b315937\" \n    class=\"block_0ba5af32891d38147e253e1d4b315937 tw-section content-section-multimedia uk-preserve-color uk-border-rounded uk-position-relative uk-section uk-section-overlap uk-section-xsmall uk-section-secondary  layout-grid layout-multimedia layout-multimedia-image\"\n    \n        >\n    \n    \n    \n        \n    <!-- Open Wrapper-->\n    <div class=\" uk-panel uk-padding    uk-position-relative\">\n    <!-- Open Wrapper Inner --> <div>\n        \n    <div class=\"uk-grid uk-grid-item-match uk-position-relative  uk-grid-small\" uk-grid uk-height-match><!-- Open Grid -->\n                <div class=\"uk-width-1-1 uk-width-expand@s uk-flex uk-flex-middle\" style=\"\">\n            <div  >\n            <header class=\"section-header uk-margin-bottom uk-text-left uk-light \" uk-scrollspy=\"cls: uk-animation-slide-left-small; delay: 300; \" >  \n            <div class=\"uk-h4 uk-margin-small content-section-subtitle\">\n        CEE \n        <\/div>\n    \n            \n        <h2 class=\"uk-h2  uk-margin-remove-top  content-section-title \">\n            Centre for Young Black Professionals \n        <\/h2>\n            \n    \n\n    <\/header>\n            <\/div>\n        <\/div>\n            \n                <div\n                    class=\"block-image uk-inline uk-width-1-1 uk-width-1-3@m uk-flex uk-flex-first@m uk-flex-middle@m \">\n                    <section class=\"uk-width-1-1\">\n<figure id=\"block_0ba5af32891d38147e253e1d4b315937\"\n    class=\"section-image uk-height-1-1 uk-margin-remove-bottom uk-flex uk-flex-middle   uk-light             \"\n        \n    >\n\n        <img\n        data-src=\"https:\/\/thirdwunder.com\/wp-content\/uploads\/2025\/02\/2025-02-LOG-CEE-light-400x400.png\"\n        data-srcset=\"https:\/\/thirdwunder.com\/wp-content\/uploads\/2025\/02\/2025-02-LOG-CEE-light-400x400.png 400w, https:\/\/thirdwunder.com\/wp-content\/uploads\/2025\/02\/2025-02-LOG-CEE-light.png 800w, https:\/\/thirdwunder.com\/wp-content\/uploads\/2025\/02\/2025-02-LOG-CEE-light.png 1200w, https:\/\/thirdwunder.com\/wp-content\/uploads\/2025\/02\/2025-02-LOG-CEE-light.png 1600w, https:\/\/thirdwunder.com\/wp-content\/uploads\/2025\/02\/2025-02-LOG-CEE-light.png 2048w\"\n        data-sizes=\"(max-width: 400px) 400px, (max-width: 800px) 800px, (max-width: 1200px ) 1200px, (max-width: 1600px ) 1600px, (max-width: 2048px ) 2048px\"\n        width=\"400\"\n        height=\"400\"\n        alt=\"\"\n        class=\"uk-width-1-1 uk-responsive-width \"\n                    uk-scrollspy=\"cls: uk-animation-fade; repeat: true\"\n            uk-img=\"\"\n                            \/>\n<\/figure>\n<\/section>\n                <\/div>\n            \n        <\/div><!-- Close Grid -->\n        <\/div><!-- Close Inner Wrapper -->\n<\/div><!-- Close Wrapper-->    <\/section>\n<\/div><\/div>    \n\n<div class=\"uk-container uk-container-xsmall\" >\n        \n\n\n<p><a href=\"https:\/\/ceecentre.org\/\" rel=\"noreferrer noopener\" target=\"_blank\">Le Centre CEE pour les jeunes professionnels noirs<\/a> est d\u00e9di\u00e9 \u00e0 relever les barri\u00e8res \u00e9conomiques et sociales qui affectent les jeunes noirs en fournissant des programmes de d\u00e9veloppement de la main-d&rsquo;\u0153uvre, d&rsquo;\u00e9ducation et de plaidoyer.<\/p>\n\n\n\n<p>\u00c0 ce jour, plus de 1000 \u00e9tudiants ont obtenu leur dipl\u00f4me de programmes cr\u00e9\u00e9s pour \u00e9lever leurs carri\u00e8res et leur \u00e9ducation, englobant une approche holistique et centr\u00e9e sur l&rsquo;individu qui r\u00e9sonne avec leurs ant\u00e9c\u00e9dents culturels.<\/p>\n\n\n\n<h2 class=\"wp-block-heading\">Une mention honorable\u2026<\/h2>\n\n\n\n<p>Toutes les organisations que nous avons mentionn\u00e9es font un travail h\u00e9ro\u00efque en \u00e9levant leurs communaut\u00e9s et en s&rsquo;effor\u00e7ant d&rsquo;une soci\u00e9t\u00e9 plus juste et \u00e9quitable. Il convient de mentionner que ces organisations ne le font plus seules. En 2019, le gouvernement f\u00e9d\u00e9ral a \u00e9tabli <a href=\"https:\/\/www.canada.ca\/en\/employment-social-development\/programs\/social-development-partnerships\/supporting-black-communities\/supporting-black-canadian-communities-initiative.html\" rel=\"noreferrer noopener\" target=\"_blank\">l&rsquo;Initiative de soutien aux communaut\u00e9s noires canadiennes (SBCCI)<\/a>.<\/p>\n\n\n\n<p>L&rsquo;ISCN est une initiative f\u00e9d\u00e9rale de subventions et de contributions qui investit dans l&rsquo;expansion de la capacit\u00e9 des organisations dirig\u00e9es par des Noirs \u00e0 construire une infrastructure de base au sein des communaut\u00e9s noires. Cette initiative soutient \u00e9galement des projets qui r\u00e9duisent les barri\u00e8res syst\u00e9miques et les in\u00e9galit\u00e9s auxquelles sont confront\u00e9s les Canadiens noirs.<\/p>\n\n\n\n<h2 class=\"wp-block-heading\">R\u00e9flexions finales<\/h2>\n\n\n\n<p>Construire un monde meilleur est <a href=\"https:\/\/thirdwunder.com\/blog\/how-to-create-dei-friendly-content-for-black-history-month\/\" rel=\"noreferrer noopener\" target=\"_blank\">un projet en cours<\/a>\u2014un projet qui n\u00e9cessite les mains et les esprits de nombreux. Le Mois de l&rsquo;histoire des Noirs sert de rappel de toutes <a href=\"https:\/\/thirdwunder.com\/blog\/6-outstanding-black-personalities-in-north-america\/\" rel=\"noreferrer noopener\" target=\"_blank\">les r\u00e9alisations incroyables<\/a> des Canadiens noirs, souvent malgr\u00e9 un monde qui ne voulait pas les reconna\u00eetre ou les accepter. C&rsquo;est aussi un moment pour r\u00e9fl\u00e9chir \u00e0 la mani\u00e8re dont nous pouvons d\u00e9construire nos propres pr\u00e9jug\u00e9s, ainsi que les syst\u00e8mes encore en place qui continuent d&rsquo;imposer des barri\u00e8res aux communaut\u00e9s marginalis\u00e9es \u00e0 travers le Canada.\u00a0<\/p>\n\n\n\n<div style=\"height:30px\" aria-hidden=\"true\" class=\"wp-block-spacer\"><\/div>\n\n\n\n<div class=\"hs-cta-embed hs-cta-simple-placeholder hs-cta-embed-178073263997\"\n  style=\"max-width:100%; max-height:100%; width:750px;height:450.296875px\" data-hubspot-wrapper-cta-id=\"178073263997\">\n  <a href=\"https:\/\/cta-service-cms2.hubspot.com\/web-interactives\/public\/v1\/track\/redirect?encryptedPayload=AVxigLLPZ%2FofEph1yx0F6lIOzf3g70nXpkvU4kdvHVvJYvwX%2FAeul3WJHroVKTSI7qvEvvlp%2By6U7UcwganBIK88t4vQgfcRV9D%2FajTGpPGQDbRZ4oUWmnWu8%2BFR8QdKVOw2v5htOd4%2ByfAux3HbvUePZiX334yi0yxUMUr0%2FVviraswQzQkH%2FQGUi1GnuwTHVoTc%2B4viQVSijwp3zB3esZPWmL3L1m1UDq3oblN&#038;webInteractiveContentId=178073263997&#038;portalId=21237790\" target=\"_blank\" rel=\"noopener\" crossorigin=\"anonymous\">\n    <img decoding=\"async\" loading=\"lazy\" alt=\"DEI &amp; Accessibilit&eacute;&nbsp; Travailler vers une soci&eacute;t&eacute; inclusive et accessible La diversit&eacute;, l'&eacute;quit&eacute; et l'inclusion (DEI) vont bien au-del&agrave; de la simple tendance. Favoriser un environnement inclusif et accessible, tant sur le lieu de travail que dans votre pr&eacute;sence num&eacute;rique, montre au monde que vous &ecirc;tes engag&eacute; dans un avenir meilleur. Contactez-nous pour d&eacute;couvrir comment votre entreprise peut b&eacute;n&eacute;ficier des pratiques DEI et d'accessibilit&eacute;. &nbsp;\" loading=\"lazy\" src=\"https:\/\/no-cache.hubspot.com\/cta\/default\/21237790\/interactive-178073263997.png\" style=\"height: 100%; width: 100%; object-fit: fill\"\n      onerror=\"this.style.display='none'\" \/>\n  <\/a>\n<\/div>\n\n","protected":false},"excerpt":{"rendered":"<p>Le Mois de l&rsquo;histoire des Noirs est un moment important pour honorer l&rsquo;h\u00e9ritage des personnes noires \u00e0 travers le Canada, tant leurs r\u00e9alisations incroyables que [&hellip;]<\/p>\n","protected":false},"author":3,"featured_media":10920,"comment_status":"closed","ping_status":"closed","sticky":false,"template":"","format":"standard","meta":{"_acf_changed":true,"content-type":"","footnotes":""},"categories":[885],"tags":[1048],"tw_product_category":[],"tw_service_category":[],"video-topic":[],"class_list":["post-10950","post","type-post","status-publish","format-standard","has-post-thumbnail","hentry","category-strategie","tag-bhm-fr"],"acf":[],"yoast_head":"<!-- This site is optimized with the Yoast SEO plugin v27.5 - https:\/\/yoast.com\/product\/yoast-seo-wordpress\/ -->\n<title>Canadian Organizations Empowering Black Communities\u00a0 - Third Wunder<\/title>\n<meta name=\"description\" content=\"C\u00e9l\u00e9brez le Mois de l&#039;histoire des Noirs avec des organisations qui autonomisent les communaut\u00e9s noires \u00e0 travers le Canada.\" \/>\n<meta name=\"robots\" content=\"index, follow, max-snippet:-1, max-image-preview:large, max-video-preview:-1\" \/>\n<link rel=\"canonical\" href=\"https:\/\/thirdwunder.com\/fr\/blog\/organisations-canadiennes-autonomisant-les-communautes-noires\/\" \/>\n<meta property=\"og:locale\" content=\"fr_FR\" \/>\n<meta property=\"og:type\" content=\"article\" \/>\n<meta property=\"og:title\" content=\"Canadian Organizations Empowering Black Communities\u00a0 - Third Wunder\" \/>\n<meta property=\"og:description\" content=\"C\u00e9l\u00e9brez le Mois de l&#039;histoire des Noirs avec des organisations qui autonomisent les communaut\u00e9s noires \u00e0 travers le Canada.\" \/>\n<meta property=\"og:url\" content=\"https:\/\/thirdwunder.com\/fr\/blog\/organisations-canadiennes-autonomisant-les-communautes-noires\/\" \/>\n<meta property=\"og:site_name\" content=\"Third Wunder\" \/>\n<meta property=\"article:published_time\" content=\"2025-02-06T18:58:16+00:00\" \/>\n<meta property=\"article:modified_time\" content=\"2025-02-06T20:36:56+00:00\" \/>\n<meta property=\"og:image\" content=\"https:\/\/thirdwunder.com\/wp-content\/uploads\/2025\/02\/2025-02-BP-BlackHistoryMonth-BHM-v2.jpg\" \/>\n\t<meta property=\"og:image:width\" content=\"1600\" \/>\n\t<meta property=\"og:image:height\" content=\"900\" \/>\n\t<meta property=\"og:image:type\" content=\"image\/jpeg\" \/>\n<meta name=\"author\" content=\"Mohamed Hamad\" \/>\n<meta name=\"twitter:card\" content=\"summary_large_image\" \/>\n<meta name=\"twitter:creator\" content=\"@http:\/\/twitter.com\/mohamedhamad\" \/>\n<meta name=\"twitter:label1\" content=\"\u00c9crit par\" \/>\n\t<meta name=\"twitter:data1\" content=\"Mohamed Hamad\" \/>\n\t<meta name=\"twitter:label2\" content=\"Dur\u00e9e de lecture estim\u00e9e\" \/>\n\t<meta name=\"twitter:data2\" content=\"5 minutes\" \/>\n<script type=\"application\/ld+json\" class=\"yoast-schema-graph\">{\"@context\":\"https:\\\/\\\/schema.org\",\"@graph\":[{\"@type\":\"Article\",\"@id\":\"https:\\\/\\\/thirdwunder.com\\\/fr\\\/blog\\\/organisations-canadiennes-autonomisant-les-communautes-noires\\\/#article\",\"isPartOf\":{\"@id\":\"https:\\\/\\\/thirdwunder.com\\\/fr\\\/blog\\\/organisations-canadiennes-autonomisant-les-communautes-noires\\\/\"},\"author\":{\"name\":\"Mohamed Hamad\",\"@id\":\"https:\\\/\\\/thirdwunder.com\\\/fr\\\/#\\\/schema\\\/person\\\/f9fe6680e69145c3654a6b10465a11dc\"},\"headline\":\"Mettre en lumi\u00e8re les organisations qui autonomisent les communaut\u00e9s noires \u00e0 travers le Canada\",\"datePublished\":\"2025-02-06T18:58:16+00:00\",\"dateModified\":\"2025-02-06T20:36:56+00:00\",\"mainEntityOfPage\":{\"@id\":\"https:\\\/\\\/thirdwunder.com\\\/fr\\\/blog\\\/organisations-canadiennes-autonomisant-les-communautes-noires\\\/\"},\"wordCount\":1026,\"image\":{\"@id\":\"https:\\\/\\\/thirdwunder.com\\\/fr\\\/blog\\\/organisations-canadiennes-autonomisant-les-communautes-noires\\\/#primaryimage\"},\"thumbnailUrl\":\"https:\\\/\\\/thirdwunder.com\\\/wp-content\\\/uploads\\\/2025\\\/02\\\/2025-02-BP-BlackHistoryMonth-BHM-v2.jpg\",\"keywords\":[\"BHM\"],\"articleSection\":[\"Strat\u00e9gie\"],\"inLanguage\":\"fr-FR\"},{\"@type\":\"WebPage\",\"@id\":\"https:\\\/\\\/thirdwunder.com\\\/fr\\\/blog\\\/organisations-canadiennes-autonomisant-les-communautes-noires\\\/\",\"url\":\"https:\\\/\\\/thirdwunder.com\\\/fr\\\/blog\\\/organisations-canadiennes-autonomisant-les-communautes-noires\\\/\",\"name\":\"Canadian Organizations Empowering Black Communities\u00a0 - Third Wunder\",\"isPartOf\":{\"@id\":\"https:\\\/\\\/thirdwunder.com\\\/fr\\\/#website\"},\"primaryImageOfPage\":{\"@id\":\"https:\\\/\\\/thirdwunder.com\\\/fr\\\/blog\\\/organisations-canadiennes-autonomisant-les-communautes-noires\\\/#primaryimage\"},\"image\":{\"@id\":\"https:\\\/\\\/thirdwunder.com\\\/fr\\\/blog\\\/organisations-canadiennes-autonomisant-les-communautes-noires\\\/#primaryimage\"},\"thumbnailUrl\":\"https:\\\/\\\/thirdwunder.com\\\/wp-content\\\/uploads\\\/2025\\\/02\\\/2025-02-BP-BlackHistoryMonth-BHM-v2.jpg\",\"datePublished\":\"2025-02-06T18:58:16+00:00\",\"dateModified\":\"2025-02-06T20:36:56+00:00\",\"author\":{\"@id\":\"https:\\\/\\\/thirdwunder.com\\\/fr\\\/#\\\/schema\\\/person\\\/f9fe6680e69145c3654a6b10465a11dc\"},\"description\":\"C\u00e9l\u00e9brez le Mois de l'histoire des Noirs avec des organisations qui autonomisent les communaut\u00e9s noires \u00e0 travers le Canada.\",\"breadcrumb\":{\"@id\":\"https:\\\/\\\/thirdwunder.com\\\/fr\\\/blog\\\/organisations-canadiennes-autonomisant-les-communautes-noires\\\/#breadcrumb\"},\"inLanguage\":\"fr-FR\",\"potentialAction\":[{\"@type\":\"ReadAction\",\"target\":[\"https:\\\/\\\/thirdwunder.com\\\/fr\\\/blog\\\/organisations-canadiennes-autonomisant-les-communautes-noires\\\/\"]}]},{\"@type\":\"ImageObject\",\"inLanguage\":\"fr-FR\",\"@id\":\"https:\\\/\\\/thirdwunder.com\\\/fr\\\/blog\\\/organisations-canadiennes-autonomisant-les-communautes-noires\\\/#primaryimage\",\"url\":\"https:\\\/\\\/thirdwunder.com\\\/wp-content\\\/uploads\\\/2025\\\/02\\\/2025-02-BP-BlackHistoryMonth-BHM-v2.jpg\",\"contentUrl\":\"https:\\\/\\\/thirdwunder.com\\\/wp-content\\\/uploads\\\/2025\\\/02\\\/2025-02-BP-BlackHistoryMonth-BHM-v2.jpg\",\"width\":1600,\"height\":900,\"caption\":\"Third Wunder - Featured Image - NPOS - Black History Month\"},{\"@type\":\"BreadcrumbList\",\"@id\":\"https:\\\/\\\/thirdwunder.com\\\/fr\\\/blog\\\/organisations-canadiennes-autonomisant-les-communautes-noires\\\/#breadcrumb\",\"itemListElement\":[{\"@type\":\"ListItem\",\"position\":1,\"name\":\"Home\",\"item\":\"https:\\\/\\\/thirdwunder.com\\\/fr\\\/\"},{\"@type\":\"ListItem\",\"position\":2,\"name\":\"Mettre en lumi\u00e8re les organisations qui autonomisent les communaut\u00e9s noires \u00e0 travers le Canada\"}]},{\"@type\":\"WebSite\",\"@id\":\"https:\\\/\\\/thirdwunder.com\\\/fr\\\/#website\",\"url\":\"https:\\\/\\\/thirdwunder.com\\\/fr\\\/\",\"name\":\"Third Wunder\",\"description\":\"Digital Marketing for Scaling Businesses\",\"potentialAction\":[{\"@type\":\"SearchAction\",\"target\":{\"@type\":\"EntryPoint\",\"urlTemplate\":\"https:\\\/\\\/thirdwunder.com\\\/fr\\\/?s={search_term_string}\"},\"query-input\":{\"@type\":\"PropertyValueSpecification\",\"valueRequired\":true,\"valueName\":\"search_term_string\"}}],\"inLanguage\":\"fr-FR\",\"publisher\":{\"@id\":\"https:\\\/\\\/thirdwunder.com\\\/fr\\\/\\\/#organization\"}},{\"@type\":\"Person\",\"@id\":\"https:\\\/\\\/thirdwunder.com\\\/fr\\\/#\\\/schema\\\/person\\\/f9fe6680e69145c3654a6b10465a11dc\",\"name\":\"Mohamed Hamad\",\"image\":{\"@type\":\"ImageObject\",\"inLanguage\":\"fr-FR\",\"@id\":\"https:\\\/\\\/secure.gravatar.com\\\/avatar\\\/0f4ded3bdd1af1713700a07005c00e8c9387383a7182624b0e98075d5f7f71d2?s=96&d=mm&r=g\",\"url\":\"https:\\\/\\\/secure.gravatar.com\\\/avatar\\\/0f4ded3bdd1af1713700a07005c00e8c9387383a7182624b0e98075d5f7f71d2?s=96&d=mm&r=g\",\"contentUrl\":\"https:\\\/\\\/secure.gravatar.com\\\/avatar\\\/0f4ded3bdd1af1713700a07005c00e8c9387383a7182624b0e98075d5f7f71d2?s=96&d=mm&r=g\",\"caption\":\"Mohamed Hamad\"},\"description\":\"Founder and President of Third Wunder. \u200bOriginally from Auckland, New Zealand, and now living in Montreal, Canada, his background is in web development, UX design and digital marketing with experience in startups, government and agencies around the world. He has an affinity for gadgets and life changing technologies. When not changing the world behind the scenes, Mohamed moonlights as a photographer.\",\"sameAs\":[\"http:\\\/\\\/www.mohamedhamad.com\",\"http:\\\/\\\/instagram.com\\\/mohamedhamad\",\"http:\\\/\\\/linkedin.com\\\/in\\\/mohamedhamad\",\"https:\\\/\\\/x.com\\\/http:\\\/\\\/twitter.com\\\/mohamedhamad\"],\"url\":\"https:\\\/\\\/thirdwunder.com\\\/fr\\\/blog\\\/author\\\/mohamedhamad\\\/\"},{\"@type\":\"Organization\",\"@id\":\"https:\\\/\\\/thirdwunder.com\\\/fr\\\/\\\/#organization\",\"name\":\"Third Wunder\",\"description\":\"Digital Marketing for Scaling Businesses\",\"url\":\"https:\\\/\\\/thirdwunder.com\\\/fr\\\/\",\"logo\":{\"@type\":\"ImageObject\",\"url\":\"https:\\\/\\\/thirdwunder.com\\\/wp-content\\\/themes\\\/wundertheme2025\\\/assets\\\/img\\\/logo.png\"},\"location\":[{\"@type\":\"ProfessionalService\",\"@id\":\"https:\\\/\\\/thirdwunder.com\\\/#location_0\",\"name\":\"Third Wunder\",\"parentOrganization\":{\"@id\":\"https:\\\/\\\/thirdwunder.com\\\/#organization\"},\"address\":{\"@type\":\"PostalAddress\",\"streetAddress\":\"4471 rue de Lanaudiere\",\"addressLocality\":\"Montreal\",\"addressRegion\":\"QC\",\"postalCode\":\"H2J3P3\",\"addressCountry\":\"CA\"},\"image\":{\"@type\":\"ImageObject\",\"url\":\"https:\\\/\\\/thirdwunder.com\\\/wp-content\\\/themes\\\/wundertheme2024\\\/assets\\\/img\\\/logo.png\"},\"openingHoursSpecification\":[{\"@type\":\"OpeningHoursSpecification\",\"dayOfWeek\":[\"Monday\",\"Tuesday\",\"Wednesday\",\"Thursday\"],\"opens\":\"09:00\",\"closes\":\"17:00\"},{\"@type\":\"OpeningHoursSpecification\",\"dayOfWeek\":[\"Friday\"],\"opens\":\"10:00\",\"closes\":\"16:00\"}]}],\"contactPoint\":{\"@type\":\"ContactPoint\",\"contactType\":\"Sales\",\"email\":\"info@thirdwunder.com\",\"telephone\":\"+15144371652\"},\"sameAs\":[\"https:\\\/\\\/facebook.com\\\/ThirdWunder\",\"https:\\\/\\\/instagram.com\\\/thirdwunder\",\"https:\\\/\\\/twitter.com\\\/thirdwunder\",\"https:\\\/\\\/linkedin.com\\\/company\\\/ThirdWunder\",\"https:\\\/\\\/www.youtube.com\\\/@thirdwunder\",\"https:\\\/\\\/github.com\\\/thirdwunder\"]}]}<\/script>\n<!-- \/ Yoast SEO plugin. -->","yoast_head_json":{"title":"Canadian Organizations Empowering Black Communities\u00a0 - Third Wunder","description":"C\u00e9l\u00e9brez le Mois de l'histoire des Noirs avec des organisations qui autonomisent les communaut\u00e9s noires \u00e0 travers le Canada.","robots":{"index":"index","follow":"follow","max-snippet":"max-snippet:-1","max-image-preview":"max-image-preview:large","max-video-preview":"max-video-preview:-1"},"canonical":"https:\/\/thirdwunder.com\/fr\/blog\/organisations-canadiennes-autonomisant-les-communautes-noires\/","og_locale":"fr_FR","og_type":"article","og_title":"Canadian Organizations Empowering Black Communities\u00a0 - Third Wunder","og_description":"C\u00e9l\u00e9brez le Mois de l'histoire des Noirs avec des organisations qui autonomisent les communaut\u00e9s noires \u00e0 travers le Canada.","og_url":"https:\/\/thirdwunder.com\/fr\/blog\/organisations-canadiennes-autonomisant-les-communautes-noires\/","og_site_name":"Third Wunder","article_published_time":"2025-02-06T18:58:16+00:00","article_modified_time":"2025-02-06T20:36:56+00:00","og_image":[{"width":1600,"height":900,"url":"https:\/\/thirdwunder.com\/wp-content\/uploads\/2025\/02\/2025-02-BP-BlackHistoryMonth-BHM-v2.jpg","type":"image\/jpeg"}],"author":"Mohamed Hamad","twitter_card":"summary_large_image","twitter_creator":"@http:\/\/twitter.com\/mohamedhamad","twitter_misc":{"\u00c9crit par":"Mohamed Hamad","Dur\u00e9e de lecture estim\u00e9e":"5 minutes"},"schema":{"@context":"https:\/\/schema.org","@graph":[{"@type":"Article","@id":"https:\/\/thirdwunder.com\/fr\/blog\/organisations-canadiennes-autonomisant-les-communautes-noires\/#article","isPartOf":{"@id":"https:\/\/thirdwunder.com\/fr\/blog\/organisations-canadiennes-autonomisant-les-communautes-noires\/"},"author":{"name":"Mohamed Hamad","@id":"https:\/\/thirdwunder.com\/fr\/#\/schema\/person\/f9fe6680e69145c3654a6b10465a11dc"},"headline":"Mettre en lumi\u00e8re les organisations qui autonomisent les communaut\u00e9s noires \u00e0 travers le Canada","datePublished":"2025-02-06T18:58:16+00:00","dateModified":"2025-02-06T20:36:56+00:00","mainEntityOfPage":{"@id":"https:\/\/thirdwunder.com\/fr\/blog\/organisations-canadiennes-autonomisant-les-communautes-noires\/"},"wordCount":1026,"image":{"@id":"https:\/\/thirdwunder.com\/fr\/blog\/organisations-canadiennes-autonomisant-les-communautes-noires\/#primaryimage"},"thumbnailUrl":"https:\/\/thirdwunder.com\/wp-content\/uploads\/2025\/02\/2025-02-BP-BlackHistoryMonth-BHM-v2.jpg","keywords":["BHM"],"articleSection":["Strat\u00e9gie"],"inLanguage":"fr-FR"},{"@type":"WebPage","@id":"https:\/\/thirdwunder.com\/fr\/blog\/organisations-canadiennes-autonomisant-les-communautes-noires\/","url":"https:\/\/thirdwunder.com\/fr\/blog\/organisations-canadiennes-autonomisant-les-communautes-noires\/","name":"Canadian Organizations Empowering Black Communities\u00a0 - Third Wunder","isPartOf":{"@id":"https:\/\/thirdwunder.com\/fr\/#website"},"primaryImageOfPage":{"@id":"https:\/\/thirdwunder.com\/fr\/blog\/organisations-canadiennes-autonomisant-les-communautes-noires\/#primaryimage"},"image":{"@id":"https:\/\/thirdwunder.com\/fr\/blog\/organisations-canadiennes-autonomisant-les-communautes-noires\/#primaryimage"},"thumbnailUrl":"https:\/\/thirdwunder.com\/wp-content\/uploads\/2025\/02\/2025-02-BP-BlackHistoryMonth-BHM-v2.jpg","datePublished":"2025-02-06T18:58:16+00:00","dateModified":"2025-02-06T20:36:56+00:00","author":{"@id":"https:\/\/thirdwunder.com\/fr\/#\/schema\/person\/f9fe6680e69145c3654a6b10465a11dc"},"description":"C\u00e9l\u00e9brez le Mois de l'histoire des Noirs avec des organisations qui autonomisent les communaut\u00e9s noires \u00e0 travers le Canada.","breadcrumb":{"@id":"https:\/\/thirdwunder.com\/fr\/blog\/organisations-canadiennes-autonomisant-les-communautes-noires\/#breadcrumb"},"inLanguage":"fr-FR","potentialAction":[{"@type":"ReadAction","target":["https:\/\/thirdwunder.com\/fr\/blog\/organisations-canadiennes-autonomisant-les-communautes-noires\/"]}]},{"@type":"ImageObject","inLanguage":"fr-FR","@id":"https:\/\/thirdwunder.com\/fr\/blog\/organisations-canadiennes-autonomisant-les-communautes-noires\/#primaryimage","url":"https:\/\/thirdwunder.com\/wp-content\/uploads\/2025\/02\/2025-02-BP-BlackHistoryMonth-BHM-v2.jpg","contentUrl":"https:\/\/thirdwunder.com\/wp-content\/uploads\/2025\/02\/2025-02-BP-BlackHistoryMonth-BHM-v2.jpg","width":1600,"height":900,"caption":"Third Wunder - Featured Image - NPOS - Black History Month"},{"@type":"BreadcrumbList","@id":"https:\/\/thirdwunder.com\/fr\/blog\/organisations-canadiennes-autonomisant-les-communautes-noires\/#breadcrumb","itemListElement":[{"@type":"ListItem","position":1,"name":"Home","item":"https:\/\/thirdwunder.com\/fr\/"},{"@type":"ListItem","position":2,"name":"Mettre en lumi\u00e8re les organisations qui autonomisent les communaut\u00e9s noires \u00e0 travers le Canada"}]},{"@type":"WebSite","@id":"https:\/\/thirdwunder.com\/fr\/#website","url":"https:\/\/thirdwunder.com\/fr\/","name":"Third Wunder","description":"Digital Marketing for Scaling Businesses","potentialAction":[{"@type":"SearchAction","target":{"@type":"EntryPoint","urlTemplate":"https:\/\/thirdwunder.com\/fr\/?s={search_term_string}"},"query-input":{"@type":"PropertyValueSpecification","valueRequired":true,"valueName":"search_term_string"}}],"inLanguage":"fr-FR","publisher":{"@id":"https:\/\/thirdwunder.com\/fr\/\/#organization"}},{"@type":"Person","@id":"https:\/\/thirdwunder.com\/fr\/#\/schema\/person\/f9fe6680e69145c3654a6b10465a11dc","name":"Mohamed Hamad","image":{"@type":"ImageObject","inLanguage":"fr-FR","@id":"https:\/\/secure.gravatar.com\/avatar\/0f4ded3bdd1af1713700a07005c00e8c9387383a7182624b0e98075d5f7f71d2?s=96&d=mm&r=g","url":"https:\/\/secure.gravatar.com\/avatar\/0f4ded3bdd1af1713700a07005c00e8c9387383a7182624b0e98075d5f7f71d2?s=96&d=mm&r=g","contentUrl":"https:\/\/secure.gravatar.com\/avatar\/0f4ded3bdd1af1713700a07005c00e8c9387383a7182624b0e98075d5f7f71d2?s=96&d=mm&r=g","caption":"Mohamed Hamad"},"description":"Founder and President of Third Wunder. \u200bOriginally from Auckland, New Zealand, and now living in Montreal, Canada, his background is in web development, UX design and digital marketing with experience in startups, government and agencies around the world. He has an affinity for gadgets and life changing technologies. When not changing the world behind the scenes, Mohamed moonlights as a photographer.","sameAs":["http:\/\/www.mohamedhamad.com","http:\/\/instagram.com\/mohamedhamad","http:\/\/linkedin.com\/in\/mohamedhamad","https:\/\/x.com\/http:\/\/twitter.com\/mohamedhamad"],"url":"https:\/\/thirdwunder.com\/fr\/blog\/author\/mohamedhamad\/"},{"@type":"Organization","@id":"https:\/\/thirdwunder.com\/fr\/\/#organization","name":"Third Wunder","description":"Digital Marketing for Scaling Businesses","url":"https:\/\/thirdwunder.com\/fr\/","logo":{"@type":"ImageObject","url":"https:\/\/thirdwunder.com\/wp-content\/themes\/wundertheme2025\/assets\/img\/logo.png"},"location":[{"@type":"ProfessionalService","@id":"https:\/\/thirdwunder.com\/#location_0","name":"Third Wunder","parentOrganization":{"@id":"https:\/\/thirdwunder.com\/#organization"},"address":{"@type":"PostalAddress","streetAddress":"4471 rue de Lanaudiere","addressLocality":"Montreal","addressRegion":"QC","postalCode":"H2J3P3","addressCountry":"CA"},"image":{"@type":"ImageObject","url":"https:\/\/thirdwunder.com\/wp-content\/themes\/wundertheme2024\/assets\/img\/logo.png"},"openingHoursSpecification":[{"@type":"OpeningHoursSpecification","dayOfWeek":["Monday","Tuesday","Wednesday","Thursday"],"opens":"09:00","closes":"17:00"},{"@type":"OpeningHoursSpecification","dayOfWeek":["Friday"],"opens":"10:00","closes":"16:00"}]}],"contactPoint":{"@type":"ContactPoint","contactType":"Sales","email":"info@thirdwunder.com","telephone":"+15144371652"},"sameAs":["https:\/\/facebook.com\/ThirdWunder","https:\/\/instagram.com\/thirdwunder","https:\/\/twitter.com\/thirdwunder","https:\/\/linkedin.com\/company\/ThirdWunder","https:\/\/www.youtube.com\/@thirdwunder","https:\/\/github.com\/thirdwunder"]}]}},"_links":{"self":[{"href":"https:\/\/thirdwunder.com\/fr\/wp-json\/wp\/v2\/posts\/10950","targetHints":{"allow":["GET"]}}],"collection":[{"href":"https:\/\/thirdwunder.com\/fr\/wp-json\/wp\/v2\/posts"}],"about":[{"href":"https:\/\/thirdwunder.com\/fr\/wp-json\/wp\/v2\/types\/post"}],"author":[{"embeddable":true,"href":"https:\/\/thirdwunder.com\/fr\/wp-json\/wp\/v2\/users\/3"}],"replies":[{"embeddable":true,"href":"https:\/\/thirdwunder.com\/fr\/wp-json\/wp\/v2\/comments?post=10950"}],"version-history":[{"count":0,"href":"https:\/\/thirdwunder.com\/fr\/wp-json\/wp\/v2\/posts\/10950\/revisions"}],"wp:featuredmedia":[{"embeddable":true,"href":"https:\/\/thirdwunder.com\/fr\/wp-json\/wp\/v2\/media\/10920"}],"wp:attachment":[{"href":"https:\/\/thirdwunder.com\/fr\/wp-json\/wp\/v2\/media?parent=10950"}],"wp:term":[{"taxonomy":"category","embeddable":true,"href":"https:\/\/thirdwunder.com\/fr\/wp-json\/wp\/v2\/categories?post=10950"},{"taxonomy":"post_tag","embeddable":true,"href":"https:\/\/thirdwunder.com\/fr\/wp-json\/wp\/v2\/tags?post=10950"},{"taxonomy":"tw_product_category","embeddable":true,"href":"https:\/\/thirdwunder.com\/fr\/wp-json\/wp\/v2\/tw_product_category?post=10950"},{"taxonomy":"tw_service_category","embeddable":true,"href":"https:\/\/thirdwunder.com\/fr\/wp-json\/wp\/v2\/tw_service_category?post=10950"},{"taxonomy":"tw_video_topic","embeddable":true,"href":"https:\/\/thirdwunder.com\/fr\/wp-json\/wp\/v2\/video-topic?post=10950"}],"curies":[{"name":"wp","href":"https:\/\/api.w.org\/{rel}","templated":true}]}}