  {"id":12558,"date":"2025-09-01T09:38:00","date_gmt":"2025-09-01T13:38:00","guid":{"rendered":"https:\/\/thirdwunder.com\/?p=12558"},"modified":"2025-09-16T15:05:52","modified_gmt":"2025-09-16T19:05:52","slug":"se-souvenir-pourquoi-la-fete-du-travail-est-plus-quun-simple-long-week-end","status":"publish","type":"post","link":"https:\/\/thirdwunder.com\/fr\/blog\/se-souvenir-pourquoi-la-fete-du-travail-est-plus-quun-simple-long-week-end\/","title":{"rendered":"Se souvenir pourquoi la F\u00eate du Travail est plus qu&rsquo;un simple long week-end"},"content":{"rendered":"\n<p>Today is Labour Day, and for many Canadians, it heralds the back-to-school season. But it\u2019s more than just the last long weekend of the summer. This statutory holiday was hard won by unions across the country who demanded recognition and fair compensation as Canada rapidly industrialized. As major strikes, from Canada Post to Air Canada have made headlines this year, it\u2019s a good time to take a look at what this holiday has meant in the past, and what it means now as labour actions become more commonplace.<\/p>\n\n<h2 class=\"wp-block-heading\">The roots of Labour Day: protest, not pastime<\/h2>\n\n<p>Labour Day began not as a celebration, but as a protest. In the 1870s, workers in Toronto organized <a href=\"https:\/\/www.cbc.ca\/news\/canada\/highlights-in-canadian-labour-history-1.850282\">a parade to demand a nine-hour workday<\/a>, at a time when unions were still illegal. Their bravery and collective action helped ignite a national movement. Within a few decades, similar demonstrations were happening across the country, eventually leading to <a href=\"https:\/\/www.thecanadianencyclopedia.ca\/en\/article\/labour-day\">the formal recognition of Labour Day as a national holiday in 1894<\/a>.<\/p>\n\n<p>The demands of those early labour activists weren\u2019t radical. They were foundational. They fought for the rights many of us now consider standard: weekends, fair wages, workplace safety, and protection from exploitation. But as we enjoy the privileges they won, it\u2019s worth asking: how many of those rights are fully realized today? And who is still left out?<\/p>\n\n<h2 class=\"wp-block-heading\">Why Labour Day still matters today<\/h2>\n\n<p>Work has changed dramatically since Canada\u2019s first labour protests. Offices have become remote, meetings are held over video, and technology drives much of what we do. But many of the core challenges workers faced in the 19th century still echo today. Fair treatment, safety, and recognition remain urgent concerns across sectors.<\/p>\n\n<p>Burnout is now a defining issue across many sectors. Long hours, shrinking teams, and unclear boundaries are common, especially in nonprofit and tech workplaces. Remote and hybrid models have made flexibility possible, but they have also made it harder to disconnect. At the same time, <a href=\"https:\/\/thirdwunder.com\/expertise\/web\/automation-integration\/\">automation and artificial intelligence<\/a> are reshaping roles at a rapid pace. Many workers are being asked to adapt without adequate support or clarity about what comes next.<\/p>\n\n<p>Equity remains out of reach for many. Women, racialized professionals, disabled people, and 2SLGBTQIA+ workers <a href=\"https:\/\/thirdwunder.com\/blog\/when-the-headlines-hurt-why-allyship-cant-take-a-day-off\/\">continue to face gaps in pay, representation, and access to opportunity<\/a>. Working from home may offer some protection, but it can also make exclusion less visible and harder to address.<\/p>\n\n<p>Some of the most essential contributions still go unrecognized. Emotional labour, mentorship, team care, and <a href=\"https:\/\/thirdwunder.com\/blog\/accessibility-is-a-team-effort\/\">inclusion work<\/a> are often expected without being resourced. These efforts are critical to building healthy and effective teams.<\/p>\n\n<h2 class=\"wp-block-heading\">Leading with respect, not just results<\/h2>\n\n<p>Labour Day is not only about workers. It is also about the systems, cultures, and leadership practices that shape how people experience work. In mission-driven and high-performing workplaces, the pressure to deliver can sometimes overshadow the need to support. But productivity and care are not in conflict. In fact, the most sustainable teams are those where people feel safe, respected, and seen.<\/p>\n\n<p>Honouring labour values today means doing more than offering perks. It means protecting time off, respecting boundaries, and building workflows that do not reward burnout. It means creating environments where people can speak openly, give feedback, and feel safe in their identities. It also means looking at pay structures, career pathways, and workload distribution with honesty. Fairness cannot be assumed; it must be checked.<\/p>\n\n<p><a href=\"https:\/\/thirdwunder.com\/blog\/what-is-dei-its-more-than-just-a-buzzword\/\">Recognition matters, too<\/a>. Not just in the form of annual reviews or all-staff emails, but in everyday decisions. Who gets invited to lead? Who is listened to in meetings? Who is carrying the hidden work of culture, mentorship, and emotional support?<\/p>\n\n<aside id=\"content-post-block_cdd89602f031b4862a27b6a96620f472\" class=\"gutenburg-block-content-post-list gutenberg-content-section uk-preserve-color uk-padding-small uk-section uk-section-overlap uk-margin-medium-top uk-margin-medium-bottom  uk-section-secondary  uk-padding uk-dark layout-content layout-content-list uk-text-left\" >\n    <header class=\"element-header uk-margin-small-bottom left uk-dark\">\n    \n        <h4 class=\"uk-h3 uk-heading-line uk-margin-remove-top uk-margin-remove-top\">\n        <span>More from Third Wunder<\/span>\n    <\/h4>\n    \n        \n\n    <\/header>\n<div class=\"layout-post-list\" >\n    <ul class=\"uk-list uk-list-divider uk-preserve-color uk-light \">\n                <li class=\"loop-container\">\n            <a href=\"https:\/\/thirdwunder.com\/fr\/blog\/creer-des-evenements-axes-sur-la-connexion-pas-seulement-sur-la-presence\/\"\n    class=\"uk-link-heading\"\n    title=\"Read the article: Cr\u00e9er des \u00e9v\u00e9nements ax\u00e9s sur la connexion, pas seulement sur la pr\u00e9sence\"\n    \n    uk-toggle=\"target: #card-post-list-13279-icon; mode: hover; animation:  uk-animation-fade, uk-animation-fade; \"\n    \n>\n    <article id=\"card-post-list-13279\" class=\"uk-grid uk-grid-small uk-flex-middle uk-child-width-expand uk-light \">\n\n        <div class=\"uk-width-auto\">\n            <time class=\"updated uk-text-meta uk-text-small uk-margin-small-right\"  datetime=\"2026-03-30T09:24:00-04:00\" pubdate>\n                Mar 30            <\/time>\n        <\/div>\n        <div class=\"uk-width-expand uk-text-truncate\">\n            <h4 class=\"uk-h5 uk-link-heading uk-margin-remove-bottom\">\n                <span >Cr\u00e9er des \u00e9v\u00e9nements ax\u00e9s sur la connexion, pas seulement sur la pr\u00e9sence<\/span>\n                <span class=\"uk-text-small uk-text-meta uk-text-italic\">\n                    \/ <span class=\"uk-icon\" uk-icon=\"icon:clock; ratio:0.65\"><\/span>\n                    8 mins read                <\/span>\n            <\/h4>\n        <\/div>\n        <div class=\"uk-width-auto uk-flex-last uk-animation-fast uk-visible@s\" >\n            <span class=\"uk-text-small uk-text-meta uk-animation-fade\"  >\n                Read More                <span  class=\"uk-icon\"  uk-icon=\"icon: arrow-right; ratio:0.75\" id=\"card-post-list-13279-icon\" hidden ><\/span>\n            <\/span>\n        <\/div>\n    <\/article>\n<\/a>\n        <\/li>\n                <li class=\"loop-container\">\n            <a href=\"https:\/\/thirdwunder.com\/fr\/blog\/pourquoi-la-dette-de-processus-est-la-taxe-invisible-sur-votre-croissance\/\"\n    class=\"uk-link-heading\"\n    title=\"Read the article: Pourquoi la dette de processus est la taxe invisible sur votre croissance\"\n    \n    uk-toggle=\"target: #card-post-list-13117-icon; mode: hover; animation:  uk-animation-fade, uk-animation-fade; \"\n    \n>\n    <article id=\"card-post-list-13117\" class=\"uk-grid uk-grid-small uk-flex-middle uk-child-width-expand uk-light \">\n\n        <div class=\"uk-width-auto\">\n            <time class=\"updated uk-text-meta uk-text-small uk-margin-small-right\"  datetime=\"2026-02-02T08:35:00-05:00\" pubdate>\n                F\u00e9v 2            <\/time>\n        <\/div>\n        <div class=\"uk-width-expand uk-text-truncate\">\n            <h4 class=\"uk-h5 uk-link-heading uk-margin-remove-bottom\">\n                <span >Pourquoi la dette de processus est la taxe invisible sur votre croissance<\/span>\n                <span class=\"uk-text-small uk-text-meta uk-text-italic\">\n                    \/ <span class=\"uk-icon\" uk-icon=\"icon:clock; ratio:0.65\"><\/span>\n                    7 mins read                <\/span>\n            <\/h4>\n        <\/div>\n        <div class=\"uk-width-auto uk-flex-last uk-animation-fast uk-visible@s\" >\n            <span class=\"uk-text-small uk-text-meta uk-animation-fade\"  >\n                Read More                <span  class=\"uk-icon\"  uk-icon=\"icon: arrow-right; ratio:0.75\" id=\"card-post-list-13117-icon\" hidden ><\/span>\n            <\/span>\n        <\/div>\n    <\/article>\n<\/a>\n        <\/li>\n                <li class=\"loop-container\">\n            <a href=\"https:\/\/thirdwunder.com\/fr\/blog\/lepuisement-silencieux-du-travail-bien-fait\/\"\n    class=\"uk-link-heading\"\n    title=\"Read the article: L&rsquo;\u00e9puisement silencieux du travail bien fait\"\n    \n    uk-toggle=\"target: #card-post-list-12966-icon; mode: hover; animation:  uk-animation-fade, uk-animation-fade; \"\n    \n>\n    <article id=\"card-post-list-12966\" class=\"uk-grid uk-grid-small uk-flex-middle uk-child-width-expand uk-light \">\n\n        <div class=\"uk-width-auto\">\n            <time class=\"updated uk-text-meta uk-text-small uk-margin-small-right\"  datetime=\"2025-12-15T09:41:00-05:00\" pubdate>\n                D\u00e9c 15            <\/time>\n        <\/div>\n        <div class=\"uk-width-expand uk-text-truncate\">\n            <h4 class=\"uk-h5 uk-link-heading uk-margin-remove-bottom\">\n                <span >L&rsquo;\u00e9puisement silencieux du travail bien fait<\/span>\n                <span class=\"uk-text-small uk-text-meta uk-text-italic\">\n                    \/ <span class=\"uk-icon\" uk-icon=\"icon:clock; ratio:0.65\"><\/span>\n                    7 mins read                <\/span>\n            <\/h4>\n        <\/div>\n        <div class=\"uk-width-auto uk-flex-last uk-animation-fast uk-visible@s\" >\n            <span class=\"uk-text-small uk-text-meta uk-animation-fade\"  >\n                Read More                <span  class=\"uk-icon\"  uk-icon=\"icon: arrow-right; ratio:0.75\" id=\"card-post-list-12966-icon\" hidden ><\/span>\n            <\/span>\n        <\/div>\n    <\/article>\n<\/a>\n        <\/li>\n            <\/ul>\n<\/div>\n    <\/aside>\n\n\n<h2 class=\"wp-block-heading\">What does valuing your team really mean?<\/h2>\n\n<p>Every workplace has a culture. Sometimes it is built with intention. Sometimes it forms quietly over time. Either way, leadership shapes it more than anything else. The way leaders communicate, make decisions, and respond to pressure tells people what is really valued.<\/p>\n\n<p>Labour Day is a good time to step back and reflect. What does it look like to truly value the people behind the work? For many leaders, that reflection begins with a few honest questions. Are we building a workplace that protects dignity? Are we measuring success only by output, or also by trust, sustainability, and care? Do people feel heard, respected, and safe enough to show up as themselves?<\/p>\n\n<p>These questions are not always comfortable. They may not have simple answers. But asking them shows a willingness to lead with purpose and empathy.<\/p>\n\n<p>When people feel supported, they tend to bring more creativity, more commitment, and more honesty to their work. That is not just good for culture. It is good for the business.<\/p>\n\n<p>Valuing your team is not about perfection. It is about showing that people matter, and that leadership includes listening, adjusting, and creating space for others to thrive.<\/p>\n\n<h2 class=\"wp-block-heading\">What\u2019s the takeaway?<\/h2>\n\n<p>Labour Day has always been about people. About the workers who marched, organized, and demanded better. And about the people today who continue to show up, care deeply, and carry the weight of meaningful work.<\/p>\n\n<p>It is easy to let this holiday slip by as just another long weekend. But it can be more than that. It can be a checkpoint. A moment to ask what your workplace is doing to honour the people behind the mission.<\/p>\n\n<p>This year, consider turning that reflection into action. You might:<\/p>\n\n<ul class=\"wp-block-list\">\n<li>Hold a team appreciation moment<\/li>\n\n\n\n<li>Review your pay equity or inclusion metrics<\/li>\n\n\n\n<li>Encourage people to take time off without guilt<\/li>\n<\/ul>\n\n<p>Small actions send strong signals. They show that care is not just a value on a website. It is part of how you lead.<\/p>\n\n<p>If you are not sure where to start, ask your team: what would support look like right now? And listen with the intention to follow through.<\/p>\n\n<div style=\"height:30px\" aria-hidden=\"true\" class=\"wp-block-spacer\"><\/div>\n\n<div class=\"hs-cta-embed hs-cta-simple-placeholder hs-cta-embed-177169365631\"\n  style=\"max-width:100%; max-height:100%; width:750px;height:422.75px\" data-hubspot-wrapper-cta-id=\"177169365631\">\n  <a href=\"https:\/\/cta-service-cms2.hubspot.com\/web-interactives\/public\/v1\/track\/redirect?encryptedPayload=AVxigLJCcn0i%2BLJarsiyUvwEtPlmoyYkGPwtUinowL9xI3Gd4gIniRNPvTjyX37%2FP5ZYGxfFzOPG2AFvfSdTZ9R3kiNPm1Jp9rdTveeLUn38ryK7EwOONTdNttG6wMF5sJAFX1uVplq4MgguyKoblmf4FeY0r%2FIl6qKrwmownPk3TVgou8VT5eIeEezOrIumVE2MW4vVhvZ0Ka9cEXfbnQPro82U8L3n&#038;webInteractiveContentId=177169365631&#038;portalId=21237790\" target=\"_blank\" rel=\"noopener\" crossorigin=\"anonymous\">\n    <img decoding=\"async\" loading=\"lazy\" alt=\"DEI &amp; Accessibility&nbsp; Working Toward an Inclusive and Accessible Society Diversity, Equity and Inclusion (DEI) is about more than capitalizing on a trend. Fostering an inclusive and accessible environment both in the workplace and in your digital presence shows the world that you're invested iin a brighter future. Get in touch to learn how your company can benefit from DEI and accessibility practices. &nbsp;\" loading=\"lazy\" src=\"https:\/\/no-cache.hubspot.com\/cta\/default\/21237790\/interactive-177169365631.png\" style=\"height: 100%; width: 100%; object-fit: fill\"\n      onerror=\"this.style.display='none'\" \/>\n  <\/a>\n<\/div>\n\n<script type=\"application\/ld+json\">{\"@context\":\"https:\/\/schema.org\",\"@type\":\"FAQPage\",\"@id\":\"https:\/\/thirdwunder.com\/fr\/blog\/se-souvenir-pourquoi-la-fete-du-travail-est-plus-quun-simple-long-week-end\/\",\"url\":\"https:\/\/thirdwunder.com\/fr\/blog\/se-souvenir-pourquoi-la-fete-du-travail-est-plus-quun-simple-long-week-end\/\",\"name\":\"FAQ\",\"description\":\"\",\"mainEntity\":[{\"@type\":\"Question\",\"name\":\"What is the history behind Labour Day in Canada?\",\"acceptedAnswer\":{\"@type\":\"Answer\",\"text\":\"Labour Day in Canada began in the 1870s as a workers\u2019 protest for a nine-hour workday. It became a national holiday in 1894 to honour labour rights and union efforts.\",\"dateCreated\":\"2025-08-22T15:27:31+00:00\"}},{\"@type\":\"Question\",\"name\":\"Why does Labour Day still matter in today\u2019s workplace?\",\"acceptedAnswer\":{\"@type\":\"Answer\",\"text\":\"Labour Day reminds us that fairness, safety, and recognition remain critical in modern work. Issues like burnout, inequity, and underpaid labour still affect many teams.\",\"dateCreated\":\"2025-08-22T15:29:25+00:00\"}},{\"@type\":\"Question\",\"name\":\"How can employers show support for their teams on Labour Day?\",\"acceptedAnswer\":{\"@type\":\"Answer\",\"text\":\"Leaders can use Labour Day as a checkpoint to reflect on culture, policies, and team well-being. Practical actions include reviewing equity metrics, offering rest, and celebrating contributions.\",\"dateCreated\":\"2025-08-22T15:30:17+00:00\"}},{\"@type\":\"Question\",\"name\":\"What does it mean to value your team in a modern workplace?\",\"acceptedAnswer\":{\"@type\":\"Answer\",\"text\":\"Valuing your team means more than recognition. It includes fair pay, psychological safety, transparent leadership, and systems that support dignity, trust, and inclusion.\",\"dateCreated\":\"2025-08-22T15:32:14+00:00\"}}]}<\/script>\n<aside id=\"content-tw_faq-block_6c6af88f5103ef547a1cd6b070cfd8d1\" class=\"gutenburg-block-content-wunderplugin\/faq-accordian gutenberg-content-section uk-preserve-color uk-padding-small uk-section uk-section-overlap uk-margin-medium-top uk-margin-medium-bottom  uk-section-muted-alt  uk-padding uk-dark layout-content layout-content-accordian uk-text-left\" >\n    <header class=\"element-header uk-margin-small-bottom left uk-dark\">\n    \n        <h4 class=\"uk-h3 uk-heading-line uk-margin-remove-top uk-margin-remove-top\">\n        <span>FAQ<\/span>\n    <\/h4>\n    \n        \n\n    <\/header>\n<section id=\"layout-tw_faq-accordion-0-0\" class=\"uk-dark\" >\n    <ul id=\"layout-tw_faq-accordion-0-0-list\" class=\"layout-accordian\" uk-accordion>\n            <li id=\"tw_faq-accordian-12551-0-0\" class=\"tw_faq-accordian post-12551 tw_faq type-tw_faq status-publish hentry tw_faq_category-seasonal-campaigns tw_faq_tag-labour-day\" >\n    <a class=\"uk-accordion-title\" href=\"#\" title=\"Expand\">\n        <h3 >What is the history behind Labour Day in Canada?<\/h3>\n    <\/a>\n    <div class=\"uk-accordion-content\" >\n       <div class=\"uk-text-muted\" ><!-- wp:paragraph -->\n<p>Labour Day in Canada began in the 1870s as a workers\u2019 protest for a nine-hour workday. It became a national holiday in 1894 to honour labour rights and union efforts.<\/p>\n<!-- \/wp:paragraph --><\/div>\n           <\/div>\n<\/li>\n            <li id=\"tw_faq-accordian-12552-0-0\" class=\"tw_faq-accordian post-12552 tw_faq type-tw_faq status-publish hentry tw_faq_category-seasonal-campaigns tw_faq_tag-labour-day\" >\n    <a class=\"uk-accordion-title\" href=\"#\" title=\"Expand\">\n        <h3 >Why does Labour Day still matter in today\u2019s workplace?<\/h3>\n    <\/a>\n    <div class=\"uk-accordion-content\" >\n       <div class=\"uk-text-muted\" ><!-- wp:paragraph -->\n<p>Labour Day reminds us that fairness, safety, and recognition remain critical in modern work. Issues like burnout, inequity, and underpaid labour still affect many teams.<\/p>\n<!-- \/wp:paragraph --><\/div>\n           <\/div>\n<\/li>\n            <li id=\"tw_faq-accordian-12553-0-0\" class=\"tw_faq-accordian post-12553 tw_faq type-tw_faq status-publish hentry tw_faq_category-seasonal-campaigns tw_faq_tag-labour-day\" >\n    <a class=\"uk-accordion-title\" href=\"#\" title=\"Expand\">\n        <h3 >How can employers show support for their teams on Labour Day?<\/h3>\n    <\/a>\n    <div class=\"uk-accordion-content\" >\n       <div class=\"uk-text-muted\" ><!-- wp:paragraph -->\n<p>Leaders can use Labour Day as a checkpoint to reflect on culture, policies, and team well-being. Practical actions include reviewing equity metrics, offering rest, and celebrating contributions.<\/p>\n<!-- \/wp:paragraph --><\/div>\n           <\/div>\n<\/li>\n            <li id=\"tw_faq-accordian-12554-0-0\" class=\"tw_faq-accordian post-12554 tw_faq type-tw_faq status-publish hentry tw_faq_category-seasonal-campaigns tw_faq_tag-labour-day\" >\n    <a class=\"uk-accordion-title\" href=\"#\" title=\"Expand\">\n        <h3 >What does it mean to value your team in a modern workplace?<\/h3>\n    <\/a>\n    <div class=\"uk-accordion-content\" >\n       <div class=\"uk-text-muted\" ><!-- wp:paragraph -->\n<p>Valuing your team means more than recognition. It includes fair pay, psychological safety, transparent leadership, and systems that support dignity, trust, and inclusion.<\/p>\n<!-- \/wp:paragraph --><\/div>\n           <\/div>\n<\/li>\n    <\/ul>\n<\/section>\n    <\/aside>\n\n\n<p><\/p>\n","protected":false},"excerpt":{"rendered":"<p>Today is Labour Day, and for many Canadians, it heralds the back-to-school season. But it\u2019s more than just the last long weekend of the summer. [&hellip;]<\/p>\n","protected":false},"author":31,"featured_media":12557,"comment_status":"closed","ping_status":"closed","sticky":false,"template":"","format":"standard","meta":{"_acf_changed":true,"content-type":"","footnotes":""},"categories":[885],"tags":[1354,975,741,1352,1353],"tw_product_category":[],"tw_service_category":[815],"video-topic":[],"class_list":["post-12558","post","type-post","status-publish","format-standard","has-post-thumbnail","hentry","category-strategie","tag-dei-3","tag-dei-et-accessibilite","tag-en-vedette","tag-fete-du-travail","tag-saisonniers","tw_service_category-strategie"],"acf":[],"yoast_head":"<!-- This site is optimized with the Yoast SEO plugin v27.5 - https:\/\/yoast.com\/product\/yoast-seo-wordpress\/ -->\n<title>La F\u00eate du Travail est plus qu&#039;un simple long week-end- Third Wunder<\/title>\n<meta name=\"description\" content=\"La F\u00eate du Travail est un moment pour r\u00e9fl\u00e9chir \u00e0 l\u2019\u00e9quit\u00e9, \u00e0 l\u2019\u00e9puisement professionnel et \u00e0 la fa\u00e7on dont les leaders valorisent leurs \u00e9quipes.\" \/>\n<meta name=\"robots\" content=\"index, follow, max-snippet:-1, max-image-preview:large, max-video-preview:-1\" \/>\n<link rel=\"canonical\" href=\"https:\/\/thirdwunder.com\/fr\/blog\/se-souvenir-pourquoi-la-fete-du-travail-est-plus-quun-simple-long-week-end\/\" \/>\n<meta property=\"og:locale\" content=\"fr_FR\" \/>\n<meta property=\"og:type\" content=\"article\" \/>\n<meta property=\"og:title\" content=\"La F\u00eate du Travail est plus qu&#039;un simple long week-end- Third Wunder\" \/>\n<meta property=\"og:description\" content=\"La F\u00eate du Travail est un moment pour r\u00e9fl\u00e9chir \u00e0 l\u2019\u00e9quit\u00e9, \u00e0 l\u2019\u00e9puisement professionnel et \u00e0 la fa\u00e7on dont les leaders valorisent leurs \u00e9quipes.\" \/>\n<meta property=\"og:url\" content=\"https:\/\/thirdwunder.com\/fr\/blog\/se-souvenir-pourquoi-la-fete-du-travail-est-plus-quun-simple-long-week-end\/\" \/>\n<meta property=\"og:site_name\" content=\"Third Wunder\" \/>\n<meta property=\"article:published_time\" content=\"2025-09-01T13:38:00+00:00\" \/>\n<meta property=\"article:modified_time\" content=\"2025-09-16T19:05:52+00:00\" \/>\n<meta property=\"og:image\" content=\"https:\/\/thirdwunder.com\/wp-content\/uploads\/2025\/08\/BP-Labour-Day.png\" \/>\n\t<meta property=\"og:image:width\" content=\"1280\" \/>\n\t<meta property=\"og:image:height\" content=\"720\" \/>\n\t<meta property=\"og:image:type\" content=\"image\/png\" \/>\n<meta name=\"author\" content=\"Elizabeth Holloway\" \/>\n<meta name=\"twitter:card\" content=\"summary_large_image\" \/>\n<meta name=\"twitter:label1\" content=\"\u00c9crit par\" \/>\n\t<meta name=\"twitter:data1\" content=\"Elizabeth Holloway\" \/>\n\t<meta name=\"twitter:label2\" content=\"Dur\u00e9e de lecture estim\u00e9e\" \/>\n\t<meta name=\"twitter:data2\" content=\"5 minutes\" \/>\n<script type=\"application\/ld+json\" class=\"yoast-schema-graph\">{\"@context\":\"https:\\\/\\\/schema.org\",\"@graph\":[{\"@type\":\"Article\",\"@id\":\"https:\\\/\\\/thirdwunder.com\\\/fr\\\/blog\\\/se-souvenir-pourquoi-la-fete-du-travail-est-plus-quun-simple-long-week-end\\\/#article\",\"isPartOf\":{\"@id\":\"https:\\\/\\\/thirdwunder.com\\\/fr\\\/blog\\\/se-souvenir-pourquoi-la-fete-du-travail-est-plus-quun-simple-long-week-end\\\/\"},\"author\":{\"name\":\"Elizabeth Holloway\",\"@id\":\"https:\\\/\\\/thirdwunder.com\\\/fr\\\/#\\\/schema\\\/person\\\/939d1a3420df3047add722e37690a4e7\"},\"headline\":\"Se souvenir pourquoi la F\u00eate du Travail est plus qu&rsquo;un simple long week-end\",\"datePublished\":\"2025-09-01T13:38:00+00:00\",\"dateModified\":\"2025-09-16T19:05:52+00:00\",\"mainEntityOfPage\":{\"@id\":\"https:\\\/\\\/thirdwunder.com\\\/fr\\\/blog\\\/se-souvenir-pourquoi-la-fete-du-travail-est-plus-quun-simple-long-week-end\\\/\"},\"wordCount\":984,\"image\":{\"@id\":\"https:\\\/\\\/thirdwunder.com\\\/fr\\\/blog\\\/se-souvenir-pourquoi-la-fete-du-travail-est-plus-quun-simple-long-week-end\\\/#primaryimage\"},\"thumbnailUrl\":\"https:\\\/\\\/thirdwunder.com\\\/wp-content\\\/uploads\\\/2025\\\/08\\\/BP-Labour-Day.png\",\"keywords\":[\"DEI\",\"DEI et Accessibilit\u00e9\",\"en vedette\",\"F\u00eate du Travail\",\"Saisonniers\"],\"articleSection\":[\"Strat\u00e9gie\"],\"inLanguage\":\"fr-FR\"},{\"@type\":\"WebPage\",\"@id\":\"https:\\\/\\\/thirdwunder.com\\\/fr\\\/blog\\\/se-souvenir-pourquoi-la-fete-du-travail-est-plus-quun-simple-long-week-end\\\/\",\"url\":\"https:\\\/\\\/thirdwunder.com\\\/fr\\\/blog\\\/se-souvenir-pourquoi-la-fete-du-travail-est-plus-quun-simple-long-week-end\\\/\",\"name\":\"La F\u00eate du Travail est plus qu'un simple long week-end- Third Wunder\",\"isPartOf\":{\"@id\":\"https:\\\/\\\/thirdwunder.com\\\/fr\\\/#website\"},\"primaryImageOfPage\":{\"@id\":\"https:\\\/\\\/thirdwunder.com\\\/fr\\\/blog\\\/se-souvenir-pourquoi-la-fete-du-travail-est-plus-quun-simple-long-week-end\\\/#primaryimage\"},\"image\":{\"@id\":\"https:\\\/\\\/thirdwunder.com\\\/fr\\\/blog\\\/se-souvenir-pourquoi-la-fete-du-travail-est-plus-quun-simple-long-week-end\\\/#primaryimage\"},\"thumbnailUrl\":\"https:\\\/\\\/thirdwunder.com\\\/wp-content\\\/uploads\\\/2025\\\/08\\\/BP-Labour-Day.png\",\"datePublished\":\"2025-09-01T13:38:00+00:00\",\"dateModified\":\"2025-09-16T19:05:52+00:00\",\"author\":{\"@id\":\"https:\\\/\\\/thirdwunder.com\\\/fr\\\/#\\\/schema\\\/person\\\/939d1a3420df3047add722e37690a4e7\"},\"description\":\"La F\u00eate du Travail est un moment pour r\u00e9fl\u00e9chir \u00e0 l\u2019\u00e9quit\u00e9, \u00e0 l\u2019\u00e9puisement professionnel et \u00e0 la fa\u00e7on dont les leaders valorisent leurs \u00e9quipes.\",\"breadcrumb\":{\"@id\":\"https:\\\/\\\/thirdwunder.com\\\/fr\\\/blog\\\/se-souvenir-pourquoi-la-fete-du-travail-est-plus-quun-simple-long-week-end\\\/#breadcrumb\"},\"inLanguage\":\"fr-FR\",\"potentialAction\":[{\"@type\":\"ReadAction\",\"target\":[\"https:\\\/\\\/thirdwunder.com\\\/fr\\\/blog\\\/se-souvenir-pourquoi-la-fete-du-travail-est-plus-quun-simple-long-week-end\\\/\"]}]},{\"@type\":\"ImageObject\",\"inLanguage\":\"fr-FR\",\"@id\":\"https:\\\/\\\/thirdwunder.com\\\/fr\\\/blog\\\/se-souvenir-pourquoi-la-fete-du-travail-est-plus-quun-simple-long-week-end\\\/#primaryimage\",\"url\":\"https:\\\/\\\/thirdwunder.com\\\/wp-content\\\/uploads\\\/2025\\\/08\\\/BP-Labour-Day.png\",\"contentUrl\":\"https:\\\/\\\/thirdwunder.com\\\/wp-content\\\/uploads\\\/2025\\\/08\\\/BP-Labour-Day.png\",\"width\":1280,\"height\":720,\"caption\":\"Third Wunder - Featured Image - Labour Day - Protests - Strikes - Labour Rights - Canada\"},{\"@type\":\"BreadcrumbList\",\"@id\":\"https:\\\/\\\/thirdwunder.com\\\/fr\\\/blog\\\/se-souvenir-pourquoi-la-fete-du-travail-est-plus-quun-simple-long-week-end\\\/#breadcrumb\",\"itemListElement\":[{\"@type\":\"ListItem\",\"position\":1,\"name\":\"Home\",\"item\":\"https:\\\/\\\/thirdwunder.com\\\/fr\\\/\"},{\"@type\":\"ListItem\",\"position\":2,\"name\":\"Se souvenir pourquoi la F\u00eate du Travail est plus qu&rsquo;un simple long week-end\"}]},{\"@type\":\"WebSite\",\"@id\":\"https:\\\/\\\/thirdwunder.com\\\/fr\\\/#website\",\"url\":\"https:\\\/\\\/thirdwunder.com\\\/fr\\\/\",\"name\":\"Third Wunder\",\"description\":\"Digital Marketing for Scaling Businesses\",\"potentialAction\":[{\"@type\":\"SearchAction\",\"target\":{\"@type\":\"EntryPoint\",\"urlTemplate\":\"https:\\\/\\\/thirdwunder.com\\\/fr\\\/?s={search_term_string}\"},\"query-input\":{\"@type\":\"PropertyValueSpecification\",\"valueRequired\":true,\"valueName\":\"search_term_string\"}}],\"inLanguage\":\"fr-FR\",\"publisher\":{\"@id\":\"https:\\\/\\\/thirdwunder.com\\\/fr\\\/\\\/#organization\"}},{\"@type\":\"Person\",\"@id\":\"https:\\\/\\\/thirdwunder.com\\\/fr\\\/#\\\/schema\\\/person\\\/939d1a3420df3047add722e37690a4e7\",\"name\":\"Elizabeth Holloway\",\"image\":{\"@type\":\"ImageObject\",\"inLanguage\":\"fr-FR\",\"@id\":\"https:\\\/\\\/secure.gravatar.com\\\/avatar\\\/c87345853d15c8c165e889967fc3f9c29caa0517e16cffdda6bc3c1d242e8130?s=96&d=mm&r=g\",\"url\":\"https:\\\/\\\/secure.gravatar.com\\\/avatar\\\/c87345853d15c8c165e889967fc3f9c29caa0517e16cffdda6bc3c1d242e8130?s=96&d=mm&r=g\",\"contentUrl\":\"https:\\\/\\\/secure.gravatar.com\\\/avatar\\\/c87345853d15c8c165e889967fc3f9c29caa0517e16cffdda6bc3c1d242e8130?s=96&d=mm&r=g\",\"caption\":\"Elizabeth Holloway\"},\"description\":\"Elizabeth Holloway is a content writer and strategist with 8+ years of experience writing content for the web. She holds a degree in English Literature with a minor in Professional Writing, which has helped her create concise yet engaging content across a variety of industries.\",\"url\":\"https:\\\/\\\/thirdwunder.com\\\/fr\\\/blog\\\/author\\\/lizholloway\\\/\"},{\"@type\":\"Organization\",\"@id\":\"https:\\\/\\\/thirdwunder.com\\\/fr\\\/\\\/#organization\",\"name\":\"Third Wunder\",\"description\":\"Digital Marketing for Scaling Businesses\",\"url\":\"https:\\\/\\\/thirdwunder.com\\\/fr\\\/\",\"logo\":{\"@type\":\"ImageObject\",\"url\":\"https:\\\/\\\/thirdwunder.com\\\/wp-content\\\/themes\\\/wundertheme2025\\\/assets\\\/img\\\/logo.png\"},\"location\":[{\"@type\":\"ProfessionalService\",\"@id\":\"https:\\\/\\\/thirdwunder.com\\\/#location_0\",\"name\":\"Third Wunder\",\"parentOrganization\":{\"@id\":\"https:\\\/\\\/thirdwunder.com\\\/#organization\"},\"address\":{\"@type\":\"PostalAddress\",\"streetAddress\":\"4471 rue de Lanaudiere\",\"addressLocality\":\"Montreal\",\"addressRegion\":\"QC\",\"postalCode\":\"H2J3P3\",\"addressCountry\":\"CA\"},\"image\":{\"@type\":\"ImageObject\",\"url\":\"https:\\\/\\\/thirdwunder.com\\\/wp-content\\\/themes\\\/wundertheme2024\\\/assets\\\/img\\\/logo.png\"},\"openingHoursSpecification\":[{\"@type\":\"OpeningHoursSpecification\",\"dayOfWeek\":[\"Monday\",\"Tuesday\",\"Wednesday\",\"Thursday\"],\"opens\":\"09:00\",\"closes\":\"17:00\"},{\"@type\":\"OpeningHoursSpecification\",\"dayOfWeek\":[\"Friday\"],\"opens\":\"10:00\",\"closes\":\"16:00\"}]}],\"contactPoint\":{\"@type\":\"ContactPoint\",\"contactType\":\"Sales\",\"email\":\"info@thirdwunder.com\",\"telephone\":\"+15144371652\"},\"sameAs\":[\"https:\\\/\\\/facebook.com\\\/ThirdWunder\",\"https:\\\/\\\/instagram.com\\\/thirdwunder\",\"https:\\\/\\\/twitter.com\\\/thirdwunder\",\"https:\\\/\\\/linkedin.com\\\/company\\\/ThirdWunder\",\"https:\\\/\\\/www.youtube.com\\\/@thirdwunder\",\"https:\\\/\\\/github.com\\\/thirdwunder\"]}]}<\/script>\n<!-- \/ Yoast SEO plugin. -->","yoast_head_json":{"title":"La F\u00eate du Travail est plus qu'un simple long week-end- Third Wunder","description":"La F\u00eate du Travail est un moment pour r\u00e9fl\u00e9chir \u00e0 l\u2019\u00e9quit\u00e9, \u00e0 l\u2019\u00e9puisement professionnel et \u00e0 la fa\u00e7on dont les leaders valorisent leurs \u00e9quipes.","robots":{"index":"index","follow":"follow","max-snippet":"max-snippet:-1","max-image-preview":"max-image-preview:large","max-video-preview":"max-video-preview:-1"},"canonical":"https:\/\/thirdwunder.com\/fr\/blog\/se-souvenir-pourquoi-la-fete-du-travail-est-plus-quun-simple-long-week-end\/","og_locale":"fr_FR","og_type":"article","og_title":"La F\u00eate du Travail est plus qu'un simple long week-end- Third Wunder","og_description":"La F\u00eate du Travail est un moment pour r\u00e9fl\u00e9chir \u00e0 l\u2019\u00e9quit\u00e9, \u00e0 l\u2019\u00e9puisement professionnel et \u00e0 la fa\u00e7on dont les leaders valorisent leurs \u00e9quipes.","og_url":"https:\/\/thirdwunder.com\/fr\/blog\/se-souvenir-pourquoi-la-fete-du-travail-est-plus-quun-simple-long-week-end\/","og_site_name":"Third Wunder","article_published_time":"2025-09-01T13:38:00+00:00","article_modified_time":"2025-09-16T19:05:52+00:00","og_image":[{"width":1280,"height":720,"url":"https:\/\/thirdwunder.com\/wp-content\/uploads\/2025\/08\/BP-Labour-Day.png","type":"image\/png"}],"author":"Elizabeth Holloway","twitter_card":"summary_large_image","twitter_misc":{"\u00c9crit par":"Elizabeth Holloway","Dur\u00e9e de lecture estim\u00e9e":"5 minutes"},"schema":{"@context":"https:\/\/schema.org","@graph":[{"@type":"Article","@id":"https:\/\/thirdwunder.com\/fr\/blog\/se-souvenir-pourquoi-la-fete-du-travail-est-plus-quun-simple-long-week-end\/#article","isPartOf":{"@id":"https:\/\/thirdwunder.com\/fr\/blog\/se-souvenir-pourquoi-la-fete-du-travail-est-plus-quun-simple-long-week-end\/"},"author":{"name":"Elizabeth Holloway","@id":"https:\/\/thirdwunder.com\/fr\/#\/schema\/person\/939d1a3420df3047add722e37690a4e7"},"headline":"Se souvenir pourquoi la F\u00eate du Travail est plus qu&rsquo;un simple long week-end","datePublished":"2025-09-01T13:38:00+00:00","dateModified":"2025-09-16T19:05:52+00:00","mainEntityOfPage":{"@id":"https:\/\/thirdwunder.com\/fr\/blog\/se-souvenir-pourquoi-la-fete-du-travail-est-plus-quun-simple-long-week-end\/"},"wordCount":984,"image":{"@id":"https:\/\/thirdwunder.com\/fr\/blog\/se-souvenir-pourquoi-la-fete-du-travail-est-plus-quun-simple-long-week-end\/#primaryimage"},"thumbnailUrl":"https:\/\/thirdwunder.com\/wp-content\/uploads\/2025\/08\/BP-Labour-Day.png","keywords":["DEI","DEI et Accessibilit\u00e9","en vedette","F\u00eate du Travail","Saisonniers"],"articleSection":["Strat\u00e9gie"],"inLanguage":"fr-FR"},{"@type":"WebPage","@id":"https:\/\/thirdwunder.com\/fr\/blog\/se-souvenir-pourquoi-la-fete-du-travail-est-plus-quun-simple-long-week-end\/","url":"https:\/\/thirdwunder.com\/fr\/blog\/se-souvenir-pourquoi-la-fete-du-travail-est-plus-quun-simple-long-week-end\/","name":"La F\u00eate du Travail est plus qu'un simple long week-end- Third Wunder","isPartOf":{"@id":"https:\/\/thirdwunder.com\/fr\/#website"},"primaryImageOfPage":{"@id":"https:\/\/thirdwunder.com\/fr\/blog\/se-souvenir-pourquoi-la-fete-du-travail-est-plus-quun-simple-long-week-end\/#primaryimage"},"image":{"@id":"https:\/\/thirdwunder.com\/fr\/blog\/se-souvenir-pourquoi-la-fete-du-travail-est-plus-quun-simple-long-week-end\/#primaryimage"},"thumbnailUrl":"https:\/\/thirdwunder.com\/wp-content\/uploads\/2025\/08\/BP-Labour-Day.png","datePublished":"2025-09-01T13:38:00+00:00","dateModified":"2025-09-16T19:05:52+00:00","author":{"@id":"https:\/\/thirdwunder.com\/fr\/#\/schema\/person\/939d1a3420df3047add722e37690a4e7"},"description":"La F\u00eate du Travail est un moment pour r\u00e9fl\u00e9chir \u00e0 l\u2019\u00e9quit\u00e9, \u00e0 l\u2019\u00e9puisement professionnel et \u00e0 la fa\u00e7on dont les leaders valorisent leurs \u00e9quipes.","breadcrumb":{"@id":"https:\/\/thirdwunder.com\/fr\/blog\/se-souvenir-pourquoi-la-fete-du-travail-est-plus-quun-simple-long-week-end\/#breadcrumb"},"inLanguage":"fr-FR","potentialAction":[{"@type":"ReadAction","target":["https:\/\/thirdwunder.com\/fr\/blog\/se-souvenir-pourquoi-la-fete-du-travail-est-plus-quun-simple-long-week-end\/"]}]},{"@type":"ImageObject","inLanguage":"fr-FR","@id":"https:\/\/thirdwunder.com\/fr\/blog\/se-souvenir-pourquoi-la-fete-du-travail-est-plus-quun-simple-long-week-end\/#primaryimage","url":"https:\/\/thirdwunder.com\/wp-content\/uploads\/2025\/08\/BP-Labour-Day.png","contentUrl":"https:\/\/thirdwunder.com\/wp-content\/uploads\/2025\/08\/BP-Labour-Day.png","width":1280,"height":720,"caption":"Third Wunder - Featured Image - Labour Day - Protests - Strikes - Labour Rights - Canada"},{"@type":"BreadcrumbList","@id":"https:\/\/thirdwunder.com\/fr\/blog\/se-souvenir-pourquoi-la-fete-du-travail-est-plus-quun-simple-long-week-end\/#breadcrumb","itemListElement":[{"@type":"ListItem","position":1,"name":"Home","item":"https:\/\/thirdwunder.com\/fr\/"},{"@type":"ListItem","position":2,"name":"Se souvenir pourquoi la F\u00eate du Travail est plus qu&rsquo;un simple long week-end"}]},{"@type":"WebSite","@id":"https:\/\/thirdwunder.com\/fr\/#website","url":"https:\/\/thirdwunder.com\/fr\/","name":"Third Wunder","description":"Digital Marketing for Scaling Businesses","potentialAction":[{"@type":"SearchAction","target":{"@type":"EntryPoint","urlTemplate":"https:\/\/thirdwunder.com\/fr\/?s={search_term_string}"},"query-input":{"@type":"PropertyValueSpecification","valueRequired":true,"valueName":"search_term_string"}}],"inLanguage":"fr-FR","publisher":{"@id":"https:\/\/thirdwunder.com\/fr\/\/#organization"}},{"@type":"Person","@id":"https:\/\/thirdwunder.com\/fr\/#\/schema\/person\/939d1a3420df3047add722e37690a4e7","name":"Elizabeth Holloway","image":{"@type":"ImageObject","inLanguage":"fr-FR","@id":"https:\/\/secure.gravatar.com\/avatar\/c87345853d15c8c165e889967fc3f9c29caa0517e16cffdda6bc3c1d242e8130?s=96&d=mm&r=g","url":"https:\/\/secure.gravatar.com\/avatar\/c87345853d15c8c165e889967fc3f9c29caa0517e16cffdda6bc3c1d242e8130?s=96&d=mm&r=g","contentUrl":"https:\/\/secure.gravatar.com\/avatar\/c87345853d15c8c165e889967fc3f9c29caa0517e16cffdda6bc3c1d242e8130?s=96&d=mm&r=g","caption":"Elizabeth Holloway"},"description":"Elizabeth Holloway is a content writer and strategist with 8+ years of experience writing content for the web. She holds a degree in English Literature with a minor in Professional Writing, which has helped her create concise yet engaging content across a variety of industries.","url":"https:\/\/thirdwunder.com\/fr\/blog\/author\/lizholloway\/"},{"@type":"Organization","@id":"https:\/\/thirdwunder.com\/fr\/\/#organization","name":"Third Wunder","description":"Digital Marketing for Scaling Businesses","url":"https:\/\/thirdwunder.com\/fr\/","logo":{"@type":"ImageObject","url":"https:\/\/thirdwunder.com\/wp-content\/themes\/wundertheme2025\/assets\/img\/logo.png"},"location":[{"@type":"ProfessionalService","@id":"https:\/\/thirdwunder.com\/#location_0","name":"Third Wunder","parentOrganization":{"@id":"https:\/\/thirdwunder.com\/#organization"},"address":{"@type":"PostalAddress","streetAddress":"4471 rue de Lanaudiere","addressLocality":"Montreal","addressRegion":"QC","postalCode":"H2J3P3","addressCountry":"CA"},"image":{"@type":"ImageObject","url":"https:\/\/thirdwunder.com\/wp-content\/themes\/wundertheme2024\/assets\/img\/logo.png"},"openingHoursSpecification":[{"@type":"OpeningHoursSpecification","dayOfWeek":["Monday","Tuesday","Wednesday","Thursday"],"opens":"09:00","closes":"17:00"},{"@type":"OpeningHoursSpecification","dayOfWeek":["Friday"],"opens":"10:00","closes":"16:00"}]}],"contactPoint":{"@type":"ContactPoint","contactType":"Sales","email":"info@thirdwunder.com","telephone":"+15144371652"},"sameAs":["https:\/\/facebook.com\/ThirdWunder","https:\/\/instagram.com\/thirdwunder","https:\/\/twitter.com\/thirdwunder","https:\/\/linkedin.com\/company\/ThirdWunder","https:\/\/www.youtube.com\/@thirdwunder","https:\/\/github.com\/thirdwunder"]}]}},"_links":{"self":[{"href":"https:\/\/thirdwunder.com\/fr\/wp-json\/wp\/v2\/posts\/12558","targetHints":{"allow":["GET"]}}],"collection":[{"href":"https:\/\/thirdwunder.com\/fr\/wp-json\/wp\/v2\/posts"}],"about":[{"href":"https:\/\/thirdwunder.com\/fr\/wp-json\/wp\/v2\/types\/post"}],"author":[{"embeddable":true,"href":"https:\/\/thirdwunder.com\/fr\/wp-json\/wp\/v2\/users\/31"}],"replies":[{"embeddable":true,"href":"https:\/\/thirdwunder.com\/fr\/wp-json\/wp\/v2\/comments?post=12558"}],"version-history":[{"count":0,"href":"https:\/\/thirdwunder.com\/fr\/wp-json\/wp\/v2\/posts\/12558\/revisions"}],"wp:featuredmedia":[{"embeddable":true,"href":"https:\/\/thirdwunder.com\/fr\/wp-json\/wp\/v2\/media\/12557"}],"wp:attachment":[{"href":"https:\/\/thirdwunder.com\/fr\/wp-json\/wp\/v2\/media?parent=12558"}],"wp:term":[{"taxonomy":"category","embeddable":true,"href":"https:\/\/thirdwunder.com\/fr\/wp-json\/wp\/v2\/categories?post=12558"},{"taxonomy":"post_tag","embeddable":true,"href":"https:\/\/thirdwunder.com\/fr\/wp-json\/wp\/v2\/tags?post=12558"},{"taxonomy":"tw_product_category","embeddable":true,"href":"https:\/\/thirdwunder.com\/fr\/wp-json\/wp\/v2\/tw_product_category?post=12558"},{"taxonomy":"tw_service_category","embeddable":true,"href":"https:\/\/thirdwunder.com\/fr\/wp-json\/wp\/v2\/tw_service_category?post=12558"},{"taxonomy":"tw_video_topic","embeddable":true,"href":"https:\/\/thirdwunder.com\/fr\/wp-json\/wp\/v2\/video-topic?post=12558"}],"curies":[{"name":"wp","href":"https:\/\/api.w.org\/{rel}","templated":true}]}}