  {"id":13144,"date":"2026-02-09T09:00:00","date_gmt":"2026-02-09T14:00:00","guid":{"rendered":"https:\/\/thirdwunder.com\/?p=13144"},"modified":"2026-02-06T14:28:30","modified_gmt":"2026-02-06T19:28:30","slug":"pourquoi-le-canada-a-besoin-dune-strategie-nationale-dintelligence-artificielle-centree-sur-lequite","status":"publish","type":"post","link":"https:\/\/thirdwunder.com\/fr\/blog\/pourquoi-le-canada-a-besoin-dune-strategie-nationale-dintelligence-artificielle-centree-sur-lequite\/","title":{"rendered":"Pourquoi le Canada a Besoin d&rsquo;une Strat\u00e9gie Nationale d&rsquo;Intelligence Artificielle Centr\u00e9e sur l&rsquo;\u00c9quit\u00e9"},"content":{"rendered":"\n<p>Le Mois de l&rsquo;histoire des Noirs au Canada est toujours un moment privil\u00e9gi\u00e9 pour c\u00e9l\u00e9brer les r\u00e9alisations incroyables des communaut\u00e9s noires, mais c&rsquo;est aussi un moment pour reconna\u00eetre les obstacles qui subsistent. Alors que notre gouvernement f\u00e9d\u00e9ral acc\u00e9l\u00e8re la mise en \u0153uvre de la<a href=\"https:\/\/ised-isde.canada.ca\/site\/ai-strategy\/en\"> Strat\u00e9gie pancanadienne en mati\u00e8re d&rsquo;IA<\/a>, nous devons passer d&rsquo;objectifs purement techniques \u00e0 la construction d&rsquo;un syst\u00e8me r\u00e9ellement \u00e9quitable pour tout le monde. Historiquement, les syst\u00e8mes \u00e9conomiques n&rsquo;ont pas toujours \u00e9t\u00e9 ouverts aux Canadiens noirs. Nous sommes maintenant \u00e0 un point o\u00f9 nous devons d\u00e9cider si notre approche nationale en mati\u00e8re d&rsquo;intelligence artificielle contribuera \u00e0 combler ces lacunes historiques ou simplement \u00e0 les automatiser.<\/p>\n\n\n\n<p>Le d\u00e9veloppement inclusif de l&rsquo;IA est l&rsquo;id\u00e9e simple selon laquelle nous devons intentionnellement int\u00e9grer les perspectives des Noirs dans la mani\u00e8re dont la technologie est con\u00e7ue et g\u00e9r\u00e9e. Pour les Canadiens noirs, une politique qui ne s&rsquo;int\u00e9resse qu&rsquo;\u00e0 la performance du code n&rsquo;est pas suffisante. Elle doit \u00eatre \u00e9labor\u00e9e en tenant compte de l&rsquo;\u00e9quit\u00e9 sociale et \u00e9conomique, appuy\u00e9e par des r\u00e8gles claires et la contribution de la communaut\u00e9.<\/p>\n\n\n\n<h2 class=\"wp-block-heading\"><strong>Un aper\u00e7u de notre strat\u00e9gie f\u00e9d\u00e9rale actuelle<\/strong><\/h2>\n\n\n\n<p>La Strat\u00e9gie pancanadienne en mati\u00e8re d&rsquo;IA est essentiellement le plan de match du Canada pour devenir un chef de file mondial de la technologie. La premi\u00e8re partie du plan visait \u00e0 trouver et \u00e0 former d&rsquo;excellents chercheurs. Maintenant, la<a href=\"https:\/\/www.canada.ca\/en\/innovation-science-economic-development\/news\/2022\/06\/government-of-canada-launches-second-phase-of-the-pan-canadian-artificial-intelligence-strategy.html\"> deuxi\u00e8me phase<\/a> se concentre sur la commercialisation de l&rsquo;IA et l&rsquo;\u00e9tablissement de normes de s\u00e9curit\u00e9 par l&rsquo;entremise de l&rsquo;<a href=\"https:\/\/www.canada.ca\/en\/innovation-science-economic-development\/news\/2024\/11\/canada-launches-canadian-artificial-intelligence-safety-institute.html\">Institut canadien pour la s\u00e9curit\u00e9 de l&rsquo;intelligence artificielle (ICSIA)<\/a>.<\/p>\n\n\n\n<p>Sur papier, la strat\u00e9gie est un puissant moteur d&rsquo;innovation. Cependant, les discussions sur \u00ab l&rsquo;IA responsable \u00bb restent plut\u00f4t vagues. Des organisations de la soci\u00e9t\u00e9 civile ont exprim\u00e9 une<a href=\"https:\/\/pencanada.ca\/news\/open-letter-to-the-minister-of-artificial-intelligence-and-digital-innovation-from-civil-society-organizations-and-individuals-opposing-national-sprint-consultation-on-ai-strategy\/\"> vive pr\u00e9occupation<\/a> qu&rsquo;en l&rsquo;absence d&rsquo;un accent sp\u00e9cifique sur l&rsquo;\u00e9quit\u00e9 raciale, la strat\u00e9gie pourrait simplement<a href=\"https:\/\/thirdwunder.com\/blog\/representation-without-redistribution-is-just-optics\/\"> r\u00e9p\u00e9ter les m\u00eames vieilles erreurs<\/a> en privil\u00e9giant la vitesse \u00e0 la garantie que la technologie fonctionne pour tout le monde.<\/p>\n\n\n\n<h2 class=\"wp-block-heading\"><strong>Pourquoi cela est important pour les Canadiens noirs en ce moment<\/strong><\/h2>\n\n\n\n<p>L&rsquo;intelligence artificielle n&rsquo;est pas un simple outil neutre, car elle refl\u00e8te g\u00e9n\u00e9ralement les points de vue de ses concepteurs. Des recherches men\u00e9es par<a href=\"https:\/\/km4s.ca\/publication\/the-future-is-equitable-balancing-the-impact-of-genai-on-canadas-black-communities-2024\/\"> KM4S<\/a> et<a href=\"https:\/\/www.mckinsey.com\/bem\/our-insights\/the-impact-of-generative-ai-on-black-communities\"> McKinsey<\/a> montrent que les Canadiens noirs se trouvent dans une position unique lors de ce grand virage technologique.<\/p>\n\n\n\n<ul class=\"wp-block-list\">\n<li>Nous n&rsquo;avons pas assez de Canadiens noirs dans les r\u00f4les qui d\u00e9veloppent et g\u00e8rent r\u00e9ellement les syst\u00e8mes d&rsquo;IA, ce qui entra\u00eene des probl\u00e8mes comme l&rsquo;<a href=\"https:\/\/educationnewscanada.com\/article\/education\/level\/university\/1\/1171927\/cifar-launches-new-ai-safety-networks-to-address-synthetic-evidence-in-the-legal-system-and-linguistic-inequality.html\">in\u00e9galit\u00e9 linguistique et le biais dialectal<\/a> dans les mod\u00e8les d&rsquo;IA.<\/li>\n\n\n\n<li>De nombreux travailleurs noirs occupent actuellement des postes plus susceptibles d&rsquo;\u00eatre automatis\u00e9s, ce qui pourrait creuser l&rsquo;\u00e9cart de richesse de<a href=\"https:\/\/www.axios.com\/2023\/12\/19\/ai-inequality-black-workers-mckinsey\"> dizaines de milliards de dollars<\/a> si nous n&rsquo;intervenons pas.<\/li>\n\n\n\n<li>Il est encore beaucoup plus difficile pour les entrepreneurs noirs d&rsquo;obtenir le financement n\u00e9cessaire pour lancer leur propre entreprise d&rsquo;IA et rivaliser sur un march\u00e9 au<a href=\"https:\/\/www.deloitte.com\/ca\/en\/about\/press-room\/canada-ai-future.html\"> potentiel \u00e9conomique de milliers de milliards<\/a>.<\/li>\n<\/ul>\n\n\n\n<p>Le<a href=\"https:\/\/thirdwunder.com\/fr\/blog\/how-to-create-dei-friendly-content-for-black-history-month\/\"> Mois de l&rsquo;histoire des Noirs<\/a> nous rappelle que les vieilles injustices peuvent facilement r\u00e9appara\u00eetre dans les nouvelles technologies. L&rsquo;IA n&rsquo;est que le dernier domaine o\u00f9 nous devons agir pour corriger les choses.<\/p>\n\n\n\n<aside id=\"content-post-block_d0b84a9a06c175839a6015a577f24441\" class=\"gutenburg-block-content-post-list gutenberg-content-section uk-preserve-color uk-padding-small uk-section uk-section-overlap uk-margin-medium-top uk-margin-medium-bottom  uk-section-secondary  uk-padding uk-dark layout-content layout-content-list uk-text-left\" >\n    <header class=\"element-header uk-margin-small-bottom left uk-dark\">\n    \n        <h4 class=\"uk-h3 uk-heading-line uk-margin-remove-top uk-margin-remove-top\">\n        <span>Plus \u00e0 lire<\/span>\n    <\/h4>\n    \n        \n\n    <\/header>\n<div class=\"layout-post-list\" >\n    <ul class=\"uk-list uk-list-divider uk-preserve-color uk-light \">\n                <li class=\"loop-container\">\n            <a href=\"https:\/\/thirdwunder.com\/fr\/blog\/comment-attirer-lattention-avec-le-marketing-video-en-2026\/\"\n    class=\"uk-link-heading\"\n    title=\"Read the article: Comment attirer l&rsquo;attention avec le marketing vid\u00e9o en 2026\"\n    \n    uk-toggle=\"target: #card-post-list-13489-icon; mode: hover; animation:  uk-animation-fade, uk-animation-fade; \"\n    \n>\n    <article id=\"card-post-list-13489\" class=\"uk-grid uk-grid-small uk-flex-middle uk-child-width-expand uk-light \">\n\n        <div class=\"uk-width-auto\">\n            <time class=\"updated uk-text-meta uk-text-small uk-margin-small-right\"  datetime=\"2026-04-27T08:57:00-04:00\" pubdate>\n                Avr 27            <\/time>\n        <\/div>\n        <div class=\"uk-width-expand uk-text-truncate\">\n            <h4 class=\"uk-h5 uk-link-heading uk-margin-remove-bottom\">\n                <span >Comment attirer l&rsquo;attention avec le marketing vid\u00e9o en 2026<\/span>\n                <span class=\"uk-text-small uk-text-meta uk-text-italic\">\n                    \/ <span class=\"uk-icon\" uk-icon=\"icon:clock; ratio:0.65\"><\/span>\n                    7 mins read                <\/span>\n            <\/h4>\n        <\/div>\n        <div class=\"uk-width-auto uk-flex-last uk-animation-fast uk-visible@s\" >\n            <span class=\"uk-text-small uk-text-meta uk-animation-fade\"  >\n                Read More                <span  class=\"uk-icon\"  uk-icon=\"icon: arrow-right; ratio:0.75\" id=\"card-post-list-13489-icon\" hidden ><\/span>\n            <\/span>\n        <\/div>\n    <\/article>\n<\/a>\n        <\/li>\n                <li class=\"loop-container\">\n            <a href=\"https:\/\/thirdwunder.com\/fr\/blog\/ia-pour-la-redaction-de-demandes-de-subvention-a-but-non-lucratif\/\"\n    class=\"uk-link-heading\"\n    title=\"Read the article: Comment \u00e9laborer des propositions de subvention canadiennes plus solides avec un acolyte IA responsable\"\n    \n    uk-toggle=\"target: #card-post-list-13223-icon; mode: hover; animation:  uk-animation-fade, uk-animation-fade; \"\n    \n>\n    <article id=\"card-post-list-13223\" class=\"uk-grid uk-grid-small uk-flex-middle uk-child-width-expand uk-light \">\n\n        <div class=\"uk-width-auto\">\n            <time class=\"updated uk-text-meta uk-text-small uk-margin-small-right\"  datetime=\"2026-03-23T09:17:00-04:00\" pubdate>\n                Mar 23            <\/time>\n        <\/div>\n        <div class=\"uk-width-expand uk-text-truncate\">\n            <h4 class=\"uk-h5 uk-link-heading uk-margin-remove-bottom\">\n                <span >Comment \u00e9laborer des propositions de subvention canadiennes plus solides avec un acolyte IA responsable<\/span>\n                <span class=\"uk-text-small uk-text-meta uk-text-italic\">\n                    \/ <span class=\"uk-icon\" uk-icon=\"icon:clock; ratio:0.65\"><\/span>\n                    8 mins read                <\/span>\n            <\/h4>\n        <\/div>\n        <div class=\"uk-width-auto uk-flex-last uk-animation-fast uk-visible@s\" >\n            <span class=\"uk-text-small uk-text-meta uk-animation-fade\"  >\n                Read More                <span  class=\"uk-icon\"  uk-icon=\"icon: arrow-right; ratio:0.75\" id=\"card-post-list-13223-icon\" hidden ><\/span>\n            <\/span>\n        <\/div>\n    <\/article>\n<\/a>\n        <\/li>\n                <li class=\"loop-container\">\n            <a href=\"https:\/\/thirdwunder.com\/fr\/blog\/developpez-votre-feuille-de-route-ia-pour-osbl\/\"\n    class=\"uk-link-heading\"\n    title=\"Read the article: Guide pratique pour la strat\u00e9gie et l&rsquo;impl\u00e9mentation de l&rsquo;IA dans les OSBL\"\n    \n    uk-toggle=\"target: #card-post-list-13221-icon; mode: hover; animation:  uk-animation-fade, uk-animation-fade; \"\n    \n>\n    <article id=\"card-post-list-13221\" class=\"uk-grid uk-grid-small uk-flex-middle uk-child-width-expand uk-light \">\n\n        <div class=\"uk-width-auto\">\n            <time class=\"updated uk-text-meta uk-text-small uk-margin-small-right\"  datetime=\"2026-03-09T09:30:00-04:00\" pubdate>\n                Mar 9            <\/time>\n        <\/div>\n        <div class=\"uk-width-expand uk-text-truncate\">\n            <h4 class=\"uk-h5 uk-link-heading uk-margin-remove-bottom\">\n                <span >Guide pratique pour la strat\u00e9gie et l&rsquo;impl\u00e9mentation de l&rsquo;IA dans les OSBL<\/span>\n                <span class=\"uk-text-small uk-text-meta uk-text-italic\">\n                    \/ <span class=\"uk-icon\" uk-icon=\"icon:clock; ratio:0.65\"><\/span>\n                    6 mins read                <\/span>\n            <\/h4>\n        <\/div>\n        <div class=\"uk-width-auto uk-flex-last uk-animation-fast uk-visible@s\" >\n            <span class=\"uk-text-small uk-text-meta uk-animation-fade\"  >\n                Read More                <span  class=\"uk-icon\"  uk-icon=\"icon: arrow-right; ratio:0.75\" id=\"card-post-list-13221-icon\" hidden ><\/span>\n            <\/span>\n        <\/div>\n    <\/article>\n<\/a>\n        <\/li>\n            <\/ul>\n<\/div>\n    <\/aside>\n\n\n\n\n<h2 class=\"wp-block-heading\"><strong>Transformer les id\u00e9es inclusives en r\u00e9sultats concrets<\/strong><\/h2>\n\n\n\n<p>Passer d&rsquo;une belle id\u00e9e \u00e0 des r\u00e9sultats concrets n\u00e9cessite des mesures sp\u00e9cifiques. Nous devons veiller \u00e0 ce que les communaut\u00e9s noires fassent partie du processus, et non seulement les personnes qui en subissent les effets.<\/p>\n\n\n\n<figure class=\"wp-block-table\"><table class=\"has-fixed-layout\"><tbody><tr><td><strong>Strat\u00e9gie<\/strong><\/td><td><strong>Action<\/strong><\/td><td><strong>Impact Communautaire<\/strong><\/td><\/tr><tr><td>\u00c9quipes Diverses<\/td><td>Embaucher des leaders et chercheurs noirs dans les laboratoires d&rsquo;IA<\/td><td>Aide \u00e0 d\u00e9tecter les biais t\u00f4t dans la phase de conception<\/td><\/tr><tr><td>Contribution Communautaire<\/td><td>Demander aux communaut\u00e9s noires d&rsquo;examiner les nouveaux syst\u00e8mes<\/td><td>Pr\u00e9vient les pr\u00e9judices dans des domaines comme l&#8217;embauche ou les cotes de cr\u00e9dit<\/td><\/tr><tr><td>Donn\u00e9es \u00c9quitables<\/td><td>V\u00e9rifier les donn\u00e9es pour d\u00e9celer les lacunes ou les biais raciaux<\/td><td>Assure que l&rsquo;IA est exacte pour chaque personne<\/td><\/tr><tr><td>Audits Clairs<\/td><td>Partager des rapports publics sur la fa\u00e7on dont l&rsquo;IA affecte les gens<\/td><td>Renforce la confiance et assure la transparence<\/td><\/tr><\/tbody><\/table><\/figure>\n\n\n\n<h2 class=\"wp-block-heading\"><strong>Les angles morts de la politique<\/strong><\/h2>\n\n\n\n<p>\u00c0 l&rsquo;heure actuelle, la strat\u00e9gie nationale se concentre principalement sur la comp\u00e9titivit\u00e9 \u00e0 l&rsquo;\u00e9chelle mondiale. C&rsquo;est important, mais elle n&rsquo;en dit pas assez sur la mani\u00e8re dont nous allons nous attaquer au racisme syst\u00e9mique. Nous voyons deux risques majeurs si nous ne pla\u00e7ons pas l&rsquo;\u00e9quit\u00e9 au premier plan. Premi\u00e8rement, l&rsquo;automatisation pourrait faire dispara\u00eetre des emplois occup\u00e9s par des travailleurs noirs sans leur offrir de nouvelles perspectives de carri\u00e8re. Deuxi\u00e8mement, le<a href=\"https:\/\/thegauntlet.ca\/2023\/09\/22\/law-professor-tackles-racial-bias-in-ai-facial-recognition-technology\/\"> biais algorithmique<\/a> dans l&rsquo;IA utilis\u00e9e pour l&#8217;embauche ou les services publics pourrait rendre encore plus difficile l&rsquo;avancement financier.<\/p>\n\n\n\n<h2 class=\"wp-block-heading\"><strong>Une meilleure voie pour notre strat\u00e9gie nationale<\/strong><\/h2>\n\n\n\n<p>Le Canada a une r\u00e9elle occasion de montrer au monde comment bien faire les choses en mati\u00e8re de technologie. Une meilleure version de notre strat\u00e9gie nationale comprendrait quelques \u00e9l\u00e9ments cl\u00e9s :<\/p>\n\n\n\n<ul class=\"wp-block-list\">\n<li>Nous avons besoin de fonds sp\u00e9cifiques pour la recherche en IA dirig\u00e9e par des Noirs et des programmes qui aident les gens \u00e0 acqu\u00e9rir des comp\u00e9tences num\u00e9riques.<\/li>\n\n\n\n<li>Tout groupe recevant des fonds f\u00e9d\u00e9raux pour l&rsquo;IA devrait avoir \u00e0 d\u00e9montrer comment ses travaux touchent diff\u00e9rents groupes raciaux au moyen de<a href=\"https:\/\/thirdwunder.com\/fr\/blog\/du-simple-controle-a-la-culture-integrer-la-dei-dans-notre-facon-de-travailler\/\"> v\u00e9rifications d&rsquo;\u00e9quit\u00e9<\/a>.<\/li>\n\n\n\n<li>Nous devrions \u00e9tablir des objectifs clairs en mati\u00e8re de repr\u00e9sentation des Noirs dans les emplois technologiques que nos fonds publics soutiennent.<\/li>\n\n\n\n<li>Nos plans en IA devraient \u00eatre directement li\u00e9s \u00e0 la<a href=\"https:\/\/www.canada.ca\/en\/canadian-heritage\/services\/combatting-racism-discrimination\/canada-anti-racism-strategy.html\"> Strat\u00e9gie canadienne de lutte contre le racisme<\/a> et \u00e0 la<a href=\"https:\/\/www.justice.gc.ca\/eng\/cj-jp\/cbjs-scjn\/index.html\"> Strat\u00e9gie de justice pour les Noirs<\/a> pour assurer une meilleure collaboration.<\/li>\n<\/ul>\n\n\n\n<h2 class=\"wp-block-heading\"><strong>Quelques v\u00e9rit\u00e9s simples sur l&rsquo;\u00e9quit\u00e9 num\u00e9rique<\/strong><\/h2>\n\n\n\n<ul class=\"wp-block-list\">\n<li>La technologie n&rsquo;est pas neutre, car elle porte toujours les valeurs des personnes qui l&rsquo;ont construite.<\/li>\n\n\n\n<li>L&rsquo;inclusion est un choix, ce qui signifie que nous devons planifier des r\u00e9sultats \u00e9quitables d\u00e8s le d\u00e9part.<\/li>\n\n\n\n<li>Les donn\u00e9es ont besoin de contexte, car sans tenir compte de la race, elles ne font souvent que renforcer la situation pass\u00e9e.<\/li>\n<\/ul>\n\n\n\n<h2 class=\"wp-block-heading\"><strong>Nous pouvons b\u00e2tir un avenir plus juste ensemble<\/strong><\/h2>\n\n\n\n<p>Se souvenir de notre histoire signifie que nous ne pouvons pas laisser un autre virage \u00e9conomique laisser les Canadiens noirs sur la touche. B\u00e2tir une IA inclusive n&rsquo;est pas seulement un objectif technique, c&rsquo;est la bonne chose \u00e0 faire. La Strat\u00e9gie pancanadienne en mati\u00e8re d&rsquo;IA est un outil puissant, mais elle ne r\u00e9pond pas tout \u00e0 fait aux besoins des communaut\u00e9s noires pour le moment. Les d\u00e9cideurs politiques ont la responsabilit\u00e9 de faire de l&rsquo;\u00e9quit\u00e9 une exigence pour tout financement en IA, tandis que les leaders de l&rsquo;industrie doivent investir dans les talents noirs et b\u00e2tir des choses avec la communaut\u00e9, et non seulement pour elle.<\/p>\n\n\n\n<p>En tant que lecteurs et membres de la communaut\u00e9, nous pouvons jouer notre r\u00f4le en soutenant<a href=\"https:\/\/thirdwunder.com\/fr\/blog\/organisations-canadiennes-autonomisant-les-communautes-noires\/\"> les organismes qui font d\u00e9j\u00e0 le travail<\/a>. Cela comprend des groupes comme le<a href=\"https:\/\/www.cilar.ca\/blogs\/empowering-change-through-technology\"> CILAR<\/a>, qui travaille \u00e0 l&rsquo;autonomisation des communaut\u00e9s noires et autochtones par l&rsquo;innovation technologique, et des projets comme le<a href=\"https:\/\/en.wikipedia.org\/wiki\/IBET_PhD_Project\"> IBET PhD Project<\/a> qui visent \u00e0 accro\u00eetre la repr\u00e9sentation dans le leadership universitaire. Nous pouvons m\u00eame nous tourner vers des pionniers canadiens comme<a href=\"https:\/\/knockri.com\/\"> Knockri<\/a>, qui prouvent que l&rsquo;IA peut \u00eatre utilis\u00e9e pour r\u00e9duire les biais dans l&#8217;embauche lorsqu&rsquo;elle est con\u00e7ue avec les bonnes intentions. En fin de compte, le d\u00e9veloppement inclusif de l&rsquo;IA ne consiste pas seulement \u00e0 \u00e9crire un meilleur code. Il s&rsquo;agit de b\u00e2tir un Canada meilleur et plus juste pour nous tous.<\/p>\n\n\n\n<div style=\"height:30px\" aria-hidden=\"true\" class=\"wp-block-spacer\"><\/div>\n\n\n\n<div class=\"hs-cta-embed hs-cta-simple-placeholder hs-cta-embed-178073263997\"\n  style=\"max-width:100%; max-height:100%; width:750px;height:450.296875px\" data-hubspot-wrapper-cta-id=\"178073263997\">\n  <a href=\"https:\/\/cta-service-cms2.hubspot.com\/web-interactives\/public\/v1\/track\/redirect?encryptedPayload=AVxigLLPZ%2FofEph1yx0F6lIOzf3g70nXpkvU4kdvHVvJYvwX%2FAeul3WJHroVKTSI7qvEvvlp%2By6U7UcwganBIK88t4vQgfcRV9D%2FajTGpPGQDbRZ4oUWmnWu8%2BFR8QdKVOw2v5htOd4%2ByfAux3HbvUePZiX334yi0yxUMUr0%2FVviraswQzQkH%2FQGUi1GnuwTHVoTc%2B4viQVSijwp3zB3esZPWmL3L1m1UDq3oblN&#038;webInteractiveContentId=178073263997&#038;portalId=21237790\" target=\"_blank\" rel=\"noopener\" crossorigin=\"anonymous\">\n    <img decoding=\"async\" loading=\"lazy\" alt=\"DEI &amp; Accessibilit&eacute;&nbsp; Travailler vers une soci&eacute;t&eacute; inclusive et accessible La diversit&eacute;, l'&eacute;quit&eacute; et l'inclusion (DEI) vont bien au-del&agrave; de la simple tendance. Favoriser un environnement inclusif et accessible, tant sur le lieu de travail que dans votre pr&eacute;sence num&eacute;rique, montre au monde que vous &ecirc;tes engag&eacute; dans un avenir meilleur. Contactez-nous pour d&eacute;couvrir comment votre entreprise peut b&eacute;n&eacute;ficier des pratiques DEI et d'accessibilit&eacute;. &nbsp;\" loading=\"lazy\" src=\"https:\/\/no-cache.hubspot.com\/cta\/default\/21237790\/interactive-178073263997.png\" style=\"height: 100%; width: 100%; object-fit: fill\"\n      onerror=\"this.style.display='none'\" \/>\n  <\/a>\n<\/div>\n\n","protected":false},"excerpt":{"rendered":"<p>Le Mois de l&rsquo;histoire des Noirs au Canada est toujours un moment privil\u00e9gi\u00e9 pour c\u00e9l\u00e9brer les r\u00e9alisations incroyables des communaut\u00e9s noires, mais c&rsquo;est aussi un [&hellip;]<\/p>\n","protected":false},"author":3,"featured_media":13143,"comment_status":"closed","ping_status":"closed","sticky":false,"template":"","format":"standard","meta":{"_acf_changed":true,"content-type":"","footnotes":""},"categories":[1403],"tags":[1458,741,751,1047,1459],"tw_product_category":[],"tw_service_category":[815],"video-topic":[1334,1358],"class_list":["post-13144","post","type-post","status-publish","format-standard","has-post-thumbnail","hentry","category-ia","tag-developpement-inclusif-de-lia","tag-en-vedette","tag-ia","tag-mois-de-lhistoire-des-noirs","tag-strategie-nationale-en-ia","tw_service_category-strategie","tw_video_topic-ai","tw_video_topic-dei"],"acf":[],"yoast_head":"<!-- This site is optimized with the Yoast SEO plugin v27.5 - https:\/\/yoast.com\/product\/yoast-seo-wordpress\/ -->\n<title>Nous avons besoins d&#039;une strat\u00e9gie \u00e9quitable pour l&#039;IA - Third Wunder<\/title>\n<meta name=\"description\" content=\"D\u00e9couvrez pourquoi la strat\u00e9gie en IA doit mettre l&#039;\u00e9quit\u00e9 raciale au centre pour pr\u00e9venir les biais et assurer l&#039;avenir \u00e9conomique des Canadiens noirs.\" \/>\n<meta name=\"robots\" content=\"index, follow, max-snippet:-1, max-image-preview:large, max-video-preview:-1\" \/>\n<link rel=\"canonical\" href=\"https:\/\/thirdwunder.com\/fr\/blog\/pourquoi-le-canada-a-besoin-dune-strategie-nationale-dintelligence-artificielle-centree-sur-lequite\/\" \/>\n<meta property=\"og:locale\" content=\"fr_FR\" \/>\n<meta property=\"og:type\" content=\"article\" \/>\n<meta property=\"og:title\" content=\"Nous avons besoins d&#039;une strat\u00e9gie \u00e9quitable pour l&#039;IA - Third Wunder\" \/>\n<meta property=\"og:description\" content=\"D\u00e9couvrez pourquoi la strat\u00e9gie en IA doit mettre l&#039;\u00e9quit\u00e9 raciale au centre pour pr\u00e9venir les biais et assurer l&#039;avenir \u00e9conomique des Canadiens noirs.\" \/>\n<meta property=\"og:url\" content=\"https:\/\/thirdwunder.com\/fr\/blog\/pourquoi-le-canada-a-besoin-dune-strategie-nationale-dintelligence-artificielle-centree-sur-lequite\/\" \/>\n<meta property=\"og:site_name\" content=\"Third Wunder\" \/>\n<meta property=\"article:published_time\" content=\"2026-02-09T14:00:00+00:00\" \/>\n<meta property=\"og:image\" content=\"https:\/\/thirdwunder.com\/wp-content\/uploads\/2026\/02\/BP-Black-History-Month.png\" \/>\n\t<meta property=\"og:image:width\" content=\"1280\" \/>\n\t<meta property=\"og:image:height\" content=\"720\" \/>\n\t<meta property=\"og:image:type\" content=\"image\/png\" \/>\n<meta name=\"author\" content=\"Mohamed Hamad\" \/>\n<meta name=\"twitter:card\" content=\"summary_large_image\" \/>\n<meta name=\"twitter:creator\" content=\"@http:\/\/twitter.com\/mohamedhamad\" \/>\n<meta name=\"twitter:label1\" content=\"\u00c9crit par\" \/>\n\t<meta name=\"twitter:data1\" content=\"Mohamed Hamad\" \/>\n\t<meta name=\"twitter:label2\" content=\"Dur\u00e9e de lecture estim\u00e9e\" \/>\n\t<meta name=\"twitter:data2\" content=\"6 minutes\" \/>\n<script type=\"application\/ld+json\" class=\"yoast-schema-graph\">{\"@context\":\"https:\\\/\\\/schema.org\",\"@graph\":[{\"@type\":\"Article\",\"@id\":\"https:\\\/\\\/thirdwunder.com\\\/fr\\\/blog\\\/pourquoi-le-canada-a-besoin-dune-strategie-nationale-dintelligence-artificielle-centree-sur-lequite\\\/#article\",\"isPartOf\":{\"@id\":\"https:\\\/\\\/thirdwunder.com\\\/fr\\\/blog\\\/pourquoi-le-canada-a-besoin-dune-strategie-nationale-dintelligence-artificielle-centree-sur-lequite\\\/\"},\"author\":{\"name\":\"Mohamed Hamad\",\"@id\":\"https:\\\/\\\/thirdwunder.com\\\/fr\\\/#\\\/schema\\\/person\\\/f9fe6680e69145c3654a6b10465a11dc\"},\"headline\":\"Pourquoi le Canada a Besoin d&rsquo;une Strat\u00e9gie Nationale d&rsquo;Intelligence Artificielle Centr\u00e9e sur l&rsquo;\u00c9quit\u00e9\",\"datePublished\":\"2026-02-09T14:00:00+00:00\",\"mainEntityOfPage\":{\"@id\":\"https:\\\/\\\/thirdwunder.com\\\/fr\\\/blog\\\/pourquoi-le-canada-a-besoin-dune-strategie-nationale-dintelligence-artificielle-centree-sur-lequite\\\/\"},\"wordCount\":1370,\"image\":{\"@id\":\"https:\\\/\\\/thirdwunder.com\\\/fr\\\/blog\\\/pourquoi-le-canada-a-besoin-dune-strategie-nationale-dintelligence-artificielle-centree-sur-lequite\\\/#primaryimage\"},\"thumbnailUrl\":\"https:\\\/\\\/thirdwunder.com\\\/wp-content\\\/uploads\\\/2026\\\/02\\\/BP-Black-History-Month.png\",\"keywords\":[\"D\u00e9veloppement inclusif de l'IA\",\"en vedette\",\"ia\",\"Mois de l'histoire des Noirs\",\"Strat\u00e9gie Nationale en IA\"],\"articleSection\":[\"IA\"],\"inLanguage\":\"fr-FR\"},{\"@type\":\"WebPage\",\"@id\":\"https:\\\/\\\/thirdwunder.com\\\/fr\\\/blog\\\/pourquoi-le-canada-a-besoin-dune-strategie-nationale-dintelligence-artificielle-centree-sur-lequite\\\/\",\"url\":\"https:\\\/\\\/thirdwunder.com\\\/fr\\\/blog\\\/pourquoi-le-canada-a-besoin-dune-strategie-nationale-dintelligence-artificielle-centree-sur-lequite\\\/\",\"name\":\"Nous avons besoins d'une strat\u00e9gie \u00e9quitable pour l'IA - Third Wunder\",\"isPartOf\":{\"@id\":\"https:\\\/\\\/thirdwunder.com\\\/fr\\\/#website\"},\"primaryImageOfPage\":{\"@id\":\"https:\\\/\\\/thirdwunder.com\\\/fr\\\/blog\\\/pourquoi-le-canada-a-besoin-dune-strategie-nationale-dintelligence-artificielle-centree-sur-lequite\\\/#primaryimage\"},\"image\":{\"@id\":\"https:\\\/\\\/thirdwunder.com\\\/fr\\\/blog\\\/pourquoi-le-canada-a-besoin-dune-strategie-nationale-dintelligence-artificielle-centree-sur-lequite\\\/#primaryimage\"},\"thumbnailUrl\":\"https:\\\/\\\/thirdwunder.com\\\/wp-content\\\/uploads\\\/2026\\\/02\\\/BP-Black-History-Month.png\",\"datePublished\":\"2026-02-09T14:00:00+00:00\",\"author\":{\"@id\":\"https:\\\/\\\/thirdwunder.com\\\/fr\\\/#\\\/schema\\\/person\\\/f9fe6680e69145c3654a6b10465a11dc\"},\"description\":\"D\u00e9couvrez pourquoi la strat\u00e9gie en IA doit mettre l'\u00e9quit\u00e9 raciale au centre pour pr\u00e9venir les biais et assurer l'avenir \u00e9conomique des Canadiens noirs.\",\"breadcrumb\":{\"@id\":\"https:\\\/\\\/thirdwunder.com\\\/fr\\\/blog\\\/pourquoi-le-canada-a-besoin-dune-strategie-nationale-dintelligence-artificielle-centree-sur-lequite\\\/#breadcrumb\"},\"inLanguage\":\"fr-FR\",\"potentialAction\":[{\"@type\":\"ReadAction\",\"target\":[\"https:\\\/\\\/thirdwunder.com\\\/fr\\\/blog\\\/pourquoi-le-canada-a-besoin-dune-strategie-nationale-dintelligence-artificielle-centree-sur-lequite\\\/\"]}]},{\"@type\":\"ImageObject\",\"inLanguage\":\"fr-FR\",\"@id\":\"https:\\\/\\\/thirdwunder.com\\\/fr\\\/blog\\\/pourquoi-le-canada-a-besoin-dune-strategie-nationale-dintelligence-artificielle-centree-sur-lequite\\\/#primaryimage\",\"url\":\"https:\\\/\\\/thirdwunder.com\\\/wp-content\\\/uploads\\\/2026\\\/02\\\/BP-Black-History-Month.png\",\"contentUrl\":\"https:\\\/\\\/thirdwunder.com\\\/wp-content\\\/uploads\\\/2026\\\/02\\\/BP-Black-History-Month.png\",\"width\":1280,\"height\":720},{\"@type\":\"BreadcrumbList\",\"@id\":\"https:\\\/\\\/thirdwunder.com\\\/fr\\\/blog\\\/pourquoi-le-canada-a-besoin-dune-strategie-nationale-dintelligence-artificielle-centree-sur-lequite\\\/#breadcrumb\",\"itemListElement\":[{\"@type\":\"ListItem\",\"position\":1,\"name\":\"Home\",\"item\":\"https:\\\/\\\/thirdwunder.com\\\/fr\\\/\"},{\"@type\":\"ListItem\",\"position\":2,\"name\":\"Pourquoi le Canada a Besoin d&rsquo;une Strat\u00e9gie Nationale d&rsquo;Intelligence Artificielle Centr\u00e9e sur l&rsquo;\u00c9quit\u00e9\"}]},{\"@type\":\"WebSite\",\"@id\":\"https:\\\/\\\/thirdwunder.com\\\/fr\\\/#website\",\"url\":\"https:\\\/\\\/thirdwunder.com\\\/fr\\\/\",\"name\":\"Third Wunder\",\"description\":\"Digital Marketing for Scaling Businesses\",\"potentialAction\":[{\"@type\":\"SearchAction\",\"target\":{\"@type\":\"EntryPoint\",\"urlTemplate\":\"https:\\\/\\\/thirdwunder.com\\\/fr\\\/?s={search_term_string}\"},\"query-input\":{\"@type\":\"PropertyValueSpecification\",\"valueRequired\":true,\"valueName\":\"search_term_string\"}}],\"inLanguage\":\"fr-FR\",\"publisher\":{\"@id\":\"https:\\\/\\\/thirdwunder.com\\\/fr\\\/\\\/#organization\"}},{\"@type\":\"Person\",\"@id\":\"https:\\\/\\\/thirdwunder.com\\\/fr\\\/#\\\/schema\\\/person\\\/f9fe6680e69145c3654a6b10465a11dc\",\"name\":\"Mohamed Hamad\",\"image\":{\"@type\":\"ImageObject\",\"inLanguage\":\"fr-FR\",\"@id\":\"https:\\\/\\\/secure.gravatar.com\\\/avatar\\\/0f4ded3bdd1af1713700a07005c00e8c9387383a7182624b0e98075d5f7f71d2?s=96&d=mm&r=g\",\"url\":\"https:\\\/\\\/secure.gravatar.com\\\/avatar\\\/0f4ded3bdd1af1713700a07005c00e8c9387383a7182624b0e98075d5f7f71d2?s=96&d=mm&r=g\",\"contentUrl\":\"https:\\\/\\\/secure.gravatar.com\\\/avatar\\\/0f4ded3bdd1af1713700a07005c00e8c9387383a7182624b0e98075d5f7f71d2?s=96&d=mm&r=g\",\"caption\":\"Mohamed Hamad\"},\"description\":\"Founder and President of Third Wunder. \u200bOriginally from Auckland, New Zealand, and now living in Montreal, Canada, his background is in web development, UX design and digital marketing with experience in startups, government and agencies around the world. He has an affinity for gadgets and life changing technologies. When not changing the world behind the scenes, Mohamed moonlights as a photographer.\",\"sameAs\":[\"http:\\\/\\\/www.mohamedhamad.com\",\"http:\\\/\\\/instagram.com\\\/mohamedhamad\",\"http:\\\/\\\/linkedin.com\\\/in\\\/mohamedhamad\",\"https:\\\/\\\/x.com\\\/http:\\\/\\\/twitter.com\\\/mohamedhamad\"],\"url\":\"https:\\\/\\\/thirdwunder.com\\\/fr\\\/blog\\\/author\\\/mohamedhamad\\\/\"},{\"@type\":\"Organization\",\"@id\":\"https:\\\/\\\/thirdwunder.com\\\/fr\\\/\\\/#organization\",\"name\":\"Third Wunder\",\"description\":\"Digital Marketing for Scaling Businesses\",\"url\":\"https:\\\/\\\/thirdwunder.com\\\/fr\\\/\",\"logo\":{\"@type\":\"ImageObject\",\"url\":\"https:\\\/\\\/thirdwunder.com\\\/wp-content\\\/themes\\\/wundertheme2025\\\/assets\\\/img\\\/logo.png\"},\"location\":[{\"@type\":\"ProfessionalService\",\"@id\":\"https:\\\/\\\/thirdwunder.com\\\/#location_0\",\"name\":\"Third Wunder\",\"parentOrganization\":{\"@id\":\"https:\\\/\\\/thirdwunder.com\\\/#organization\"},\"address\":{\"@type\":\"PostalAddress\",\"streetAddress\":\"4471 rue de Lanaudiere\",\"addressLocality\":\"Montreal\",\"addressRegion\":\"QC\",\"postalCode\":\"H2J3P3\",\"addressCountry\":\"CA\"},\"image\":{\"@type\":\"ImageObject\",\"url\":\"https:\\\/\\\/thirdwunder.com\\\/wp-content\\\/themes\\\/wundertheme2024\\\/assets\\\/img\\\/logo.png\"},\"openingHoursSpecification\":[{\"@type\":\"OpeningHoursSpecification\",\"dayOfWeek\":[\"Monday\",\"Tuesday\",\"Wednesday\",\"Thursday\"],\"opens\":\"09:00\",\"closes\":\"17:00\"},{\"@type\":\"OpeningHoursSpecification\",\"dayOfWeek\":[\"Friday\"],\"opens\":\"10:00\",\"closes\":\"16:00\"}]}],\"contactPoint\":{\"@type\":\"ContactPoint\",\"contactType\":\"Sales\",\"email\":\"info@thirdwunder.com\",\"telephone\":\"+15144371652\"},\"sameAs\":[\"https:\\\/\\\/facebook.com\\\/ThirdWunder\",\"https:\\\/\\\/instagram.com\\\/thirdwunder\",\"https:\\\/\\\/twitter.com\\\/thirdwunder\",\"https:\\\/\\\/linkedin.com\\\/company\\\/ThirdWunder\",\"https:\\\/\\\/www.youtube.com\\\/@thirdwunder\",\"https:\\\/\\\/github.com\\\/thirdwunder\"]}]}<\/script>\n<!-- \/ Yoast SEO plugin. -->","yoast_head_json":{"title":"Nous avons besoins d'une strat\u00e9gie \u00e9quitable pour l'IA - Third Wunder","description":"D\u00e9couvrez pourquoi la strat\u00e9gie en IA doit mettre l'\u00e9quit\u00e9 raciale au centre pour pr\u00e9venir les biais et assurer l'avenir \u00e9conomique des Canadiens noirs.","robots":{"index":"index","follow":"follow","max-snippet":"max-snippet:-1","max-image-preview":"max-image-preview:large","max-video-preview":"max-video-preview:-1"},"canonical":"https:\/\/thirdwunder.com\/fr\/blog\/pourquoi-le-canada-a-besoin-dune-strategie-nationale-dintelligence-artificielle-centree-sur-lequite\/","og_locale":"fr_FR","og_type":"article","og_title":"Nous avons besoins d'une strat\u00e9gie \u00e9quitable pour l'IA - Third Wunder","og_description":"D\u00e9couvrez pourquoi la strat\u00e9gie en IA doit mettre l'\u00e9quit\u00e9 raciale au centre pour pr\u00e9venir les biais et assurer l'avenir \u00e9conomique des Canadiens noirs.","og_url":"https:\/\/thirdwunder.com\/fr\/blog\/pourquoi-le-canada-a-besoin-dune-strategie-nationale-dintelligence-artificielle-centree-sur-lequite\/","og_site_name":"Third Wunder","article_published_time":"2026-02-09T14:00:00+00:00","og_image":[{"width":1280,"height":720,"url":"https:\/\/thirdwunder.com\/wp-content\/uploads\/2026\/02\/BP-Black-History-Month.png","type":"image\/png"}],"author":"Mohamed Hamad","twitter_card":"summary_large_image","twitter_creator":"@http:\/\/twitter.com\/mohamedhamad","twitter_misc":{"\u00c9crit par":"Mohamed Hamad","Dur\u00e9e de lecture estim\u00e9e":"6 minutes"},"schema":{"@context":"https:\/\/schema.org","@graph":[{"@type":"Article","@id":"https:\/\/thirdwunder.com\/fr\/blog\/pourquoi-le-canada-a-besoin-dune-strategie-nationale-dintelligence-artificielle-centree-sur-lequite\/#article","isPartOf":{"@id":"https:\/\/thirdwunder.com\/fr\/blog\/pourquoi-le-canada-a-besoin-dune-strategie-nationale-dintelligence-artificielle-centree-sur-lequite\/"},"author":{"name":"Mohamed Hamad","@id":"https:\/\/thirdwunder.com\/fr\/#\/schema\/person\/f9fe6680e69145c3654a6b10465a11dc"},"headline":"Pourquoi le Canada a Besoin d&rsquo;une Strat\u00e9gie Nationale d&rsquo;Intelligence Artificielle Centr\u00e9e sur l&rsquo;\u00c9quit\u00e9","datePublished":"2026-02-09T14:00:00+00:00","mainEntityOfPage":{"@id":"https:\/\/thirdwunder.com\/fr\/blog\/pourquoi-le-canada-a-besoin-dune-strategie-nationale-dintelligence-artificielle-centree-sur-lequite\/"},"wordCount":1370,"image":{"@id":"https:\/\/thirdwunder.com\/fr\/blog\/pourquoi-le-canada-a-besoin-dune-strategie-nationale-dintelligence-artificielle-centree-sur-lequite\/#primaryimage"},"thumbnailUrl":"https:\/\/thirdwunder.com\/wp-content\/uploads\/2026\/02\/BP-Black-History-Month.png","keywords":["D\u00e9veloppement inclusif de l'IA","en vedette","ia","Mois de l'histoire des Noirs","Strat\u00e9gie Nationale en IA"],"articleSection":["IA"],"inLanguage":"fr-FR"},{"@type":"WebPage","@id":"https:\/\/thirdwunder.com\/fr\/blog\/pourquoi-le-canada-a-besoin-dune-strategie-nationale-dintelligence-artificielle-centree-sur-lequite\/","url":"https:\/\/thirdwunder.com\/fr\/blog\/pourquoi-le-canada-a-besoin-dune-strategie-nationale-dintelligence-artificielle-centree-sur-lequite\/","name":"Nous avons besoins d'une strat\u00e9gie \u00e9quitable pour l'IA - Third Wunder","isPartOf":{"@id":"https:\/\/thirdwunder.com\/fr\/#website"},"primaryImageOfPage":{"@id":"https:\/\/thirdwunder.com\/fr\/blog\/pourquoi-le-canada-a-besoin-dune-strategie-nationale-dintelligence-artificielle-centree-sur-lequite\/#primaryimage"},"image":{"@id":"https:\/\/thirdwunder.com\/fr\/blog\/pourquoi-le-canada-a-besoin-dune-strategie-nationale-dintelligence-artificielle-centree-sur-lequite\/#primaryimage"},"thumbnailUrl":"https:\/\/thirdwunder.com\/wp-content\/uploads\/2026\/02\/BP-Black-History-Month.png","datePublished":"2026-02-09T14:00:00+00:00","author":{"@id":"https:\/\/thirdwunder.com\/fr\/#\/schema\/person\/f9fe6680e69145c3654a6b10465a11dc"},"description":"D\u00e9couvrez pourquoi la strat\u00e9gie en IA doit mettre l'\u00e9quit\u00e9 raciale au centre pour pr\u00e9venir les biais et assurer l'avenir \u00e9conomique des Canadiens noirs.","breadcrumb":{"@id":"https:\/\/thirdwunder.com\/fr\/blog\/pourquoi-le-canada-a-besoin-dune-strategie-nationale-dintelligence-artificielle-centree-sur-lequite\/#breadcrumb"},"inLanguage":"fr-FR","potentialAction":[{"@type":"ReadAction","target":["https:\/\/thirdwunder.com\/fr\/blog\/pourquoi-le-canada-a-besoin-dune-strategie-nationale-dintelligence-artificielle-centree-sur-lequite\/"]}]},{"@type":"ImageObject","inLanguage":"fr-FR","@id":"https:\/\/thirdwunder.com\/fr\/blog\/pourquoi-le-canada-a-besoin-dune-strategie-nationale-dintelligence-artificielle-centree-sur-lequite\/#primaryimage","url":"https:\/\/thirdwunder.com\/wp-content\/uploads\/2026\/02\/BP-Black-History-Month.png","contentUrl":"https:\/\/thirdwunder.com\/wp-content\/uploads\/2026\/02\/BP-Black-History-Month.png","width":1280,"height":720},{"@type":"BreadcrumbList","@id":"https:\/\/thirdwunder.com\/fr\/blog\/pourquoi-le-canada-a-besoin-dune-strategie-nationale-dintelligence-artificielle-centree-sur-lequite\/#breadcrumb","itemListElement":[{"@type":"ListItem","position":1,"name":"Home","item":"https:\/\/thirdwunder.com\/fr\/"},{"@type":"ListItem","position":2,"name":"Pourquoi le Canada a Besoin d&rsquo;une Strat\u00e9gie Nationale d&rsquo;Intelligence Artificielle Centr\u00e9e sur l&rsquo;\u00c9quit\u00e9"}]},{"@type":"WebSite","@id":"https:\/\/thirdwunder.com\/fr\/#website","url":"https:\/\/thirdwunder.com\/fr\/","name":"Third Wunder","description":"Digital Marketing for Scaling Businesses","potentialAction":[{"@type":"SearchAction","target":{"@type":"EntryPoint","urlTemplate":"https:\/\/thirdwunder.com\/fr\/?s={search_term_string}"},"query-input":{"@type":"PropertyValueSpecification","valueRequired":true,"valueName":"search_term_string"}}],"inLanguage":"fr-FR","publisher":{"@id":"https:\/\/thirdwunder.com\/fr\/\/#organization"}},{"@type":"Person","@id":"https:\/\/thirdwunder.com\/fr\/#\/schema\/person\/f9fe6680e69145c3654a6b10465a11dc","name":"Mohamed Hamad","image":{"@type":"ImageObject","inLanguage":"fr-FR","@id":"https:\/\/secure.gravatar.com\/avatar\/0f4ded3bdd1af1713700a07005c00e8c9387383a7182624b0e98075d5f7f71d2?s=96&d=mm&r=g","url":"https:\/\/secure.gravatar.com\/avatar\/0f4ded3bdd1af1713700a07005c00e8c9387383a7182624b0e98075d5f7f71d2?s=96&d=mm&r=g","contentUrl":"https:\/\/secure.gravatar.com\/avatar\/0f4ded3bdd1af1713700a07005c00e8c9387383a7182624b0e98075d5f7f71d2?s=96&d=mm&r=g","caption":"Mohamed Hamad"},"description":"Founder and President of Third Wunder. \u200bOriginally from Auckland, New Zealand, and now living in Montreal, Canada, his background is in web development, UX design and digital marketing with experience in startups, government and agencies around the world. He has an affinity for gadgets and life changing technologies. When not changing the world behind the scenes, Mohamed moonlights as a photographer.","sameAs":["http:\/\/www.mohamedhamad.com","http:\/\/instagram.com\/mohamedhamad","http:\/\/linkedin.com\/in\/mohamedhamad","https:\/\/x.com\/http:\/\/twitter.com\/mohamedhamad"],"url":"https:\/\/thirdwunder.com\/fr\/blog\/author\/mohamedhamad\/"},{"@type":"Organization","@id":"https:\/\/thirdwunder.com\/fr\/\/#organization","name":"Third Wunder","description":"Digital Marketing for Scaling Businesses","url":"https:\/\/thirdwunder.com\/fr\/","logo":{"@type":"ImageObject","url":"https:\/\/thirdwunder.com\/wp-content\/themes\/wundertheme2025\/assets\/img\/logo.png"},"location":[{"@type":"ProfessionalService","@id":"https:\/\/thirdwunder.com\/#location_0","name":"Third Wunder","parentOrganization":{"@id":"https:\/\/thirdwunder.com\/#organization"},"address":{"@type":"PostalAddress","streetAddress":"4471 rue de Lanaudiere","addressLocality":"Montreal","addressRegion":"QC","postalCode":"H2J3P3","addressCountry":"CA"},"image":{"@type":"ImageObject","url":"https:\/\/thirdwunder.com\/wp-content\/themes\/wundertheme2024\/assets\/img\/logo.png"},"openingHoursSpecification":[{"@type":"OpeningHoursSpecification","dayOfWeek":["Monday","Tuesday","Wednesday","Thursday"],"opens":"09:00","closes":"17:00"},{"@type":"OpeningHoursSpecification","dayOfWeek":["Friday"],"opens":"10:00","closes":"16:00"}]}],"contactPoint":{"@type":"ContactPoint","contactType":"Sales","email":"info@thirdwunder.com","telephone":"+15144371652"},"sameAs":["https:\/\/facebook.com\/ThirdWunder","https:\/\/instagram.com\/thirdwunder","https:\/\/twitter.com\/thirdwunder","https:\/\/linkedin.com\/company\/ThirdWunder","https:\/\/www.youtube.com\/@thirdwunder","https:\/\/github.com\/thirdwunder"]}]}},"_links":{"self":[{"href":"https:\/\/thirdwunder.com\/fr\/wp-json\/wp\/v2\/posts\/13144","targetHints":{"allow":["GET"]}}],"collection":[{"href":"https:\/\/thirdwunder.com\/fr\/wp-json\/wp\/v2\/posts"}],"about":[{"href":"https:\/\/thirdwunder.com\/fr\/wp-json\/wp\/v2\/types\/post"}],"author":[{"embeddable":true,"href":"https:\/\/thirdwunder.com\/fr\/wp-json\/wp\/v2\/users\/3"}],"replies":[{"embeddable":true,"href":"https:\/\/thirdwunder.com\/fr\/wp-json\/wp\/v2\/comments?post=13144"}],"version-history":[{"count":0,"href":"https:\/\/thirdwunder.com\/fr\/wp-json\/wp\/v2\/posts\/13144\/revisions"}],"wp:featuredmedia":[{"embeddable":true,"href":"https:\/\/thirdwunder.com\/fr\/wp-json\/wp\/v2\/media\/13143"}],"wp:attachment":[{"href":"https:\/\/thirdwunder.com\/fr\/wp-json\/wp\/v2\/media?parent=13144"}],"wp:term":[{"taxonomy":"category","embeddable":true,"href":"https:\/\/thirdwunder.com\/fr\/wp-json\/wp\/v2\/categories?post=13144"},{"taxonomy":"post_tag","embeddable":true,"href":"https:\/\/thirdwunder.com\/fr\/wp-json\/wp\/v2\/tags?post=13144"},{"taxonomy":"tw_product_category","embeddable":true,"href":"https:\/\/thirdwunder.com\/fr\/wp-json\/wp\/v2\/tw_product_category?post=13144"},{"taxonomy":"tw_service_category","embeddable":true,"href":"https:\/\/thirdwunder.com\/fr\/wp-json\/wp\/v2\/tw_service_category?post=13144"},{"taxonomy":"tw_video_topic","embeddable":true,"href":"https:\/\/thirdwunder.com\/fr\/wp-json\/wp\/v2\/video-topic?post=13144"}],"curies":[{"name":"wp","href":"https:\/\/api.w.org\/{rel}","templated":true}]}}